{"id":67990,"date":"2016-04-07T20:00:11","date_gmt":"2016-04-07T17:00:11","guid":{"rendered":"http:\/\/sana.sy\/tr\/?p=67990"},"modified":"2016-04-08T18:09:55","modified_gmt":"2016-04-08T15:09:55","slug":"isid-tekfircileri-300-isciyi-kacirdi","status":"publish","type":"post","link":"https:\/\/archive.sana.sy\/tr\/?p=67990","title":{"rendered":"I\u015e\u0130D Tekfircileri 300 \u0130\u015f\u00e7iyi Ka\u00e7\u0131rd\u0131"},"content":{"rendered":"<p>\u015eAM KIRSALI \u2013 I\u015e\u0130D\u2019e tabi ter\u00f6ristler \u015eam k\u0131rsal\u0131n\u0131n kuzeydo\u011fusu Ebu el \u015eammat B\u00f6lgesinde bulunan Badiye \u00c7imento Fabrikas\u0131nda \u00e7al\u0131\u015fan 300\u2019den fazla i\u015f\u00e7i ve m\u00fcteahhidi ka\u00e7\u0131rd\u0131.<\/p>\n<p>Sanayi Bakanl\u0131\u011f\u0131nda yetkili bir kaynak SANA\u2019ya a\u00e7\u0131klamas\u0131nda; bakanl\u0131\u011f\u0131n konuya ili\u015fkin \u015firket yetkililerini aray\u0131p bilgi ald\u0131\u011f\u0131n\u0131 belirtti. \u015eirketin \u015fu ana dek ka\u00e7\u0131r\u0131lan i\u015f\u00e7ilerle ba\u011flant\u0131 kuramad\u0131\u011f\u0131n\u0131 ifade eden kaynak; yerlerini tespit etme ve onlar\u0131 kurtarma amac\u0131yla \u015firket ve ilgili kurumlarla birlikte yo\u011fun \u00e7al\u0131\u015fmalar\u0131n yap\u0131ld\u0131\u011f\u0131n\u0131 a\u00e7\u0131klad\u0131.<\/p>\n<p>Di\u011fer yandan \u015firket mevkiine yak\u0131n Ceyrun B\u00f6lgesinde ulusal uzla\u015fma sorumlusu Nedim Kreyzan; b\u00f6lge ahalisinin I\u015e\u0130D\u2019e ait olan ve i\u00e7lerinde yakla\u015f\u0131k 125 i\u015f\u00e7inin bulundu\u011fu ara\u00e7lar\u0131n \u015eam k\u0131rsal\u0131 Do\u011fu \u011euta\u2019n\u0131n Tel Dekve B\u00f6lgesi istikametinde gittiklerini g\u00f6rd\u00fcklerini aktard\u0131.<\/p>\n<p>Kreyzan b\u00f6lge ahalisinin ayr\u0131ca Dmayr B\u00f6lgesinde bulunan \u00c7inli fabrikadan I\u015e\u0130D\u2019in vah\u015fetinden ka\u00e7an 106 i\u015f\u00e7iyi kar\u015f\u0131lay\u0131p ev sahipli\u011fi yapt\u0131klar\u0131n\u0131 ifade etti. Bu i\u015f\u00e7ilere gerekli yard\u0131mlar\u0131n takdim edildi\u011fini belirten Kreyzan, ard\u0131ndan b\u00f6lgede bulunan askeri barikatlarla i\u015fbirli\u011fi ve koordinasyon i\u00e7inde muhtelif illerdeki evlerine g\u00f6nderildiklerini s\u00f6yledi.<\/p>\n","protected":false},"excerpt":{"rendered":"<p>\u015eAM KIRSALI \u2013 I\u015e\u0130D\u2019e tabi ter\u00f6ristler \u015eam k\u0131rsal\u0131n\u0131n kuzeydo\u011fusu Ebu el \u015eammat B\u00f6lgesinde bulunan Badiye \u00c7imento Fabrikas\u0131nda \u00e7al\u0131\u015fan 300\u2019den fazla i\u015f\u00e7i ve m\u00fcteahhidi ka\u00e7\u0131rd\u0131. Sanayi Bakanl\u0131\u011f\u0131nda yetkili bir kaynak SANA\u2019ya a\u00e7\u0131klamas\u0131nda; bakanl\u0131\u011f\u0131n konuya ili\u015fkin \u015firket yetkililerini aray\u0131p bilgi ald\u0131\u011f\u0131n\u0131 belirtti. \u015eirketin \u015fu ana dek ka\u00e7\u0131r\u0131lan i\u015f\u00e7ilerle ba\u011flant\u0131 kuramad\u0131\u011f\u0131n\u0131 ifade eden kaynak; yerlerini tespit etme ve &hellip;<\/p>\n","protected":false},"author":1,"featured_media":67991,"comment_status":"closed","ping_status":"closed","sticky":false,"template":"","format":"standard","meta":{"footnotes":""},"categories":[479,575,17988,478],"tags":[20374,20373],"class_list":["post-67990","post","type-post","status-publish","format-standard","has-post-thumbnail","","category-haberler-yerel","category-olaylar-ve-gercekler","category-son-haberler","category-yerel","tag-ceyrun-bolgesinde-ulusal-uzlasma-sorumlusu-nedim-kreyzan","tag-isid-tekfircileri-300-isciyi-kacirdi"],"_links":{"self":[{"href":"https:\/\/archive.sana.sy\/tr\/index.php?rest_route=\/wp\/v2\/posts\/67990","targetHints":{"allow":["GET"]}}],"collection":[{"href":"https:\/\/archive.sana.sy\/tr\/index.php?rest_route=\/wp\/v2\/posts"}],"about":[{"href":"https:\/\/archive.sana.sy\/tr\/index.php?rest_route=\/wp\/v2\/types\/post"}],"author":[{"embeddable":true,"href":"https:\/\/archive.sana.sy\/tr\/index.php?rest_route=\/wp\/v2\/users\/1"}],"replies":[{"embeddable":true,"href":"https:\/\/archive.sana.sy\/tr\/index.php?rest_route=%2Fwp%2Fv2%2Fcomments&post=67990"}],"version-history":[{"count":0,"href":"https:\/\/archive.sana.sy\/tr\/index.php?rest_route=\/wp\/v2\/posts\/67990\/revisions"}],"wp:featuredmedia":[{"embeddable":true,"href":"https:\/\/archive.sana.sy\/tr\/index.php?rest_route=\/wp\/v2\/media\/67991"}],"wp:attachment":[{"href":"https:\/\/archive.sana.sy\/tr\/index.php?rest_route=%2Fwp%2Fv2%2Fmedia&parent=67990"}],"wp:term":[{"taxonomy":"category","embeddable":true,"href":"https:\/\/archive.sana.sy\/tr\/index.php?rest_route=%2Fwp%2Fv2%2Fcategories&post=67990"},{"taxonomy":"post_tag","embeddable":true,"href":"https:\/\/archive.sana.sy\/tr\/index.php?rest_route=%2Fwp%2Fv2%2Ftags&post=67990"}],"curies":[{"name":"wp","href":"https:\/\/api.w.org\/{rel}","templated":true}]}}