{"id":68063,"date":"2016-04-08T19:45:54","date_gmt":"2016-04-08T16:45:54","guid":{"rendered":"http:\/\/www.sana.sy\/tr\/?p=68063"},"modified":"2016-04-09T16:28:24","modified_gmt":"2016-04-09T13:28:24","slug":"cokuluslu-tekfirci-teroristlerin-agir-kayiplari-suruyor","status":"publish","type":"post","link":"https:\/\/archive.sana.sy\/tr\/?p=68063","title":{"rendered":"\u00c7okuluslu Tekfirci Ter\u00f6ristlerin A\u011f\u0131r Kay\u0131plar\u0131 S\u00fcr\u00fcyor"},"content":{"rendered":"<p>\u0130LLER \u2013 Kahraman ordu birliklerimiz; ter\u00f6ristlerin vatan topraklar\u0131 \u00fczerinde ald\u0131klar\u0131 b\u00fct\u00fcn masum canlar\u0131n, ya\u015fatt\u0131klar\u0131 b\u00fct\u00fcn ac\u0131lar\u0131n ve analar\u0131n g\u00f6z\u00fcnden akan her g\u00f6zya\u015f\u0131 damlas\u0131n\u0131n hesab\u0131n\u0131 sormaya devam ediyorlar. Bu \u00e7er\u00e7evede kahraman birliklerimiz d\u00fczenledikleri ba\u015far\u0131l\u0131 operasyonlarla \u00fclkenin b\u00fct\u00fcn il, b\u00f6lge ve beldelerinde la\u011f\u0131m fareleri gibi saklanmaya \u00e7al\u0131\u015fan \u00e7ok say\u0131da ter\u00f6risti \u00f6l\u00fc ve yaral\u0131 olarak etkisiz hale getirdi.<\/p>\n<p><span style=\"color: #0000ff\">S\u00dcVEYDA:<\/span><\/p>\n<p>SANA\u2019ya a\u00e7\u0131klama yapan askeri bir kaynak; ordu birliklerimizin S\u00fcveyda k\u0131rsal\u0131n\u0131n kuzeydo\u011fusu Kasr K\u00f6y\u00fcnde I\u015e\u0130D\u2019in ara\u00e7 konvoyunu yo\u011fun ate\u015fe tutmalar\u0131 sonucunda a\u011f\u0131r makineli silahla donat\u0131lm\u0131\u015f en az 7 arac\u0131 y\u00fckleriyle birlikte tamamen imha ettiklerini ifade etti.<\/p>\n<p>G\u00fcn\u00fcn ilerleyen saatlerinde a\u00e7\u0131klama yapan bir kaynak; ordu birliklerimizin S\u00fcveyda k\u0131rsal\u0131 Kuzey E\u015fhayib Tepesinin kuzeyinde I\u015e\u0130D\u2019in bir toplanma merkezini yo\u011fun ate\u015fe tutmalar\u0131yla bir\u00e7ok ter\u00f6risti \u00f6ld\u00fcr\u00fcp havzalar\u0131ndaki silah ve m\u00fchimmatlar\u0131n\u0131 imha ettiklerini aktard\u0131.<\/p>\n<p><span style=\"color: #0000ff\">HOMS:<\/span><\/p>\n<p>\u00d6te yandan hava g\u00fc\u00e7lerimizin Homs k\u0131rsal\u0131n\u0131n do\u011fusunda I\u015e\u0130D\u2019in toplanma yerleri ve mevkilerine y\u00f6nelik hava operasyonlar\u0131 ba\u015far\u0131yla s\u00fcrd\u00fcrd\u00fcklerini belirten askeri kaynak; Cbab Hamad, Um el Riy\u015f ve Resm el Tavil k\u00f6ylerine ilaveten Bat\u0131 Kasr el H\u0131yr B\u00f6lgesinin g\u00fcneyinde tekfircileri say\u0131 ve te\u00e7hizatlar\u0131yla a\u011f\u0131r kay\u0131plara u\u011fratt\u0131klar\u0131n\u0131 s\u00f6yledi.<\/p>\n<p><span style=\"color: #0000ff\">\u015eAM KIRSALI:<\/span><\/p>\n<p>\u015eam k\u0131rsal\u0131nda da hava g\u00fc\u00e7lerimiz Do\u011fu Guta\u2019n\u0131n kenarlar\u0131na d\u00fc\u015fen Dukva Tepesinin yan\u0131 s\u0131ra birka\u00e7 tepede I\u015e\u0130D ter\u00f6r \u00f6rg\u00fct\u00fcne ait komuta karargahlar\u0131n\u0131 imha ederek; geneli a\u011f\u0131r makineli silahlarla donat\u0131lm\u0131\u015f ara\u00e7lar\u0131 ekipleriyle birlikte yok etti.<\/p>\n<p><span style=\"color: #0000ff\">HALEP:<\/span><\/p>\n<p>Saha kaynaklar\u0131 SANA\u2019ya a\u00e7\u0131klamalar\u0131nda; Halep ve k\u0131rsal\u0131nda Nusra Cephesi ve m\u00fcttefikleri di\u011fer ter\u00f6r gruplar\u0131n\u0131n \u00e7at\u0131\u015fmalar\u0131 durdurma anla\u015fmas\u0131n\u0131 ihlal etmeleri ard\u0131ndan ordu birliklerimizin bu ter\u00f6ristlerin anla\u015fmaya ihlallerine kar\u015f\u0131l\u0131k olarak karargahlar\u0131n\u0131 yo\u011fun ate\u015fe tutuklar\u0131n\u0131 belirtti.<\/p>\n<p>Kaynaklar; Halep Kentinin 30 km g\u00fcneyine d\u00fc\u015fen Han Toman ve el \u0130yss b\u00f6lgelerinde ordunun operasyonlar\u0131nda ter\u00f6ristlerin saflar\u0131nda a\u011f\u0131r kay\u0131plara yol a\u00e7t\u0131\u011f\u0131n\u0131 s\u00f6yledi.<\/p>\n<p>Halep k\u0131rsal\u0131n\u0131n do\u011fusu Aran ve Bat\u0131 Resm el Hamis b\u00f6lgelerinde de ordu birliklerimizin ter\u00f6ristlerin yuva ve k\u00fcmelenme yerlerini hedef ald\u0131klar\u0131n\u0131 aktaran kaynaklar; buralarda da \u00e7ok say\u0131da ter\u00f6risti \u00f6l\u00fc ve yaral\u0131 d\u00fc\u015f\u00fcrd\u00fcklerine dikkat \u00e7ekti.<\/p>\n<p>Kaynaklar; ordu birliklerimizin Halep Kentinin Ra\u015fidin Semtinde Nusra Cephesi ve \u00e7at\u0131s\u0131 alt\u0131ndaki bulunan di\u011fer ter\u00f6r gruplar\u0131n\u0131n toplanma merkezlerini tamam\u0131yla imha etmelerine e\u015f zamanl\u0131 olarak Dahret Abdrabbu B\u00f6lgesinde ter\u00f6rist ve cephane ta\u015f\u0131yan 5 arac\u0131 yok ettiklerini belirtti.<\/p>\n<p><span style=\"color: #0000ff\">DEYREZZOR:<\/span><\/p>\n<p>Bu arada hava g\u00fc\u00e7lerimiz Deyrezzor k\u0131rsal\u0131 Kessarat B\u00f6lgesi, Murayiye Beldesi ve Cafra K\u00f6y\u00fcnde I\u015e\u0130D\u2019in siper ve karargahlar\u0131na kar\u015f\u0131 operasyonlar\u0131nda \u00e7ok say\u0131da ter\u00f6risti \u00f6l\u00fc ve yaral\u0131 d\u00fc\u015f\u00fcr\u00fcp komuta karargahlar\u0131 ve bir k\u0131sm\u0131 a\u011f\u0131r makineli silahlarla donat\u0131lm\u0131\u015f ara\u00e7lar\u0131n\u0131 imha etti.<\/p>\n<p><span style=\"color: #0000ff\">DERA:<\/span><\/p>\n<p>Ak\u015fam saatlerinde a\u00e7\u0131klama yapan askeri kaynak; ordu birliklerimizin Dera Mahatta B\u00f6lgesi Busra Meydan\u0131n g\u00fcneyinden b\u00f6lgede bulunan askeri bir noktaya sald\u0131rmaya \u00e7al\u0131\u015fan Nusra Cephesine tabi bir ter\u00f6r grubuyla \u015fiddetli \u00e7at\u0131\u015fmalara girdiklerini beyan etti. Kaynak; \u00e7at\u0131\u015fmalarda grup \u00fcyelerinden 3 ter\u00f6ristin \u00f6ld\u00fcr\u00fcl\u00fcp bir\u00e7ok ter\u00f6ristin de yaral\u0131 d\u00fc\u015f\u00fcr\u00fcld\u00fc\u011f\u00fcn\u00fc; havzalar\u0131ndaki silah ve m\u00fchimmatlar\u0131n\u0131n da imha edildi\u011fini s\u00f6zlerine ekledi.<\/p>\n","protected":false},"excerpt":{"rendered":"<p>\u0130LLER \u2013 Kahraman ordu birliklerimiz; ter\u00f6ristlerin vatan topraklar\u0131 \u00fczerinde ald\u0131klar\u0131 b\u00fct\u00fcn masum canlar\u0131n, ya\u015fatt\u0131klar\u0131 b\u00fct\u00fcn ac\u0131lar\u0131n ve analar\u0131n g\u00f6z\u00fcnden akan her g\u00f6zya\u015f\u0131 damlas\u0131n\u0131n hesab\u0131n\u0131 sormaya devam ediyorlar. Bu \u00e7er\u00e7evede kahraman birliklerimiz d\u00fczenledikleri ba\u015far\u0131l\u0131 operasyonlarla \u00fclkenin b\u00fct\u00fcn il, b\u00f6lge ve beldelerinde la\u011f\u0131m fareleri gibi saklanmaya \u00e7al\u0131\u015fan \u00e7ok say\u0131da ter\u00f6risti \u00f6l\u00fc ve yaral\u0131 olarak etkisiz hale getirdi. &hellip;<\/p>\n","protected":false},"author":1,"featured_media":68064,"comment_status":"closed","ping_status":"closed","sticky":false,"template":"","format":"standard","meta":{"footnotes":""},"categories":[575],"tags":[],"class_list":["post-68063","post","type-post","status-publish","format-standard","has-post-thumbnail","","category-olaylar-ve-gercekler"],"_links":{"self":[{"href":"https:\/\/archive.sana.sy\/tr\/index.php?rest_route=\/wp\/v2\/posts\/68063","targetHints":{"allow":["GET"]}}],"collection":[{"href":"https:\/\/archive.sana.sy\/tr\/index.php?rest_route=\/wp\/v2\/posts"}],"about":[{"href":"https:\/\/archive.sana.sy\/tr\/index.php?rest_route=\/wp\/v2\/types\/post"}],"author":[{"embeddable":true,"href":"https:\/\/archive.sana.sy\/tr\/index.php?rest_route=\/wp\/v2\/users\/1"}],"replies":[{"embeddable":true,"href":"https:\/\/archive.sana.sy\/tr\/index.php?rest_route=%2Fwp%2Fv2%2Fcomments&post=68063"}],"version-history":[{"count":0,"href":"https:\/\/archive.sana.sy\/tr\/index.php?rest_route=\/wp\/v2\/posts\/68063\/revisions"}],"wp:featuredmedia":[{"embeddable":true,"href":"https:\/\/archive.sana.sy\/tr\/index.php?rest_route=\/wp\/v2\/media\/68064"}],"wp:attachment":[{"href":"https:\/\/archive.sana.sy\/tr\/index.php?rest_route=%2Fwp%2Fv2%2Fmedia&parent=68063"}],"wp:term":[{"taxonomy":"category","embeddable":true,"href":"https:\/\/archive.sana.sy\/tr\/index.php?rest_route=%2Fwp%2Fv2%2Fcategories&post=68063"},{"taxonomy":"post_tag","embeddable":true,"href":"https:\/\/archive.sana.sy\/tr\/index.php?rest_route=%2Fwp%2Fv2%2Ftags&post=68063"}],"curies":[{"name":"wp","href":"https:\/\/api.w.org\/{rel}","templated":true}]}}