{"id":68073,"date":"2016-04-08T19:36:49","date_gmt":"2016-04-08T16:36:49","guid":{"rendered":"http:\/\/www.sana.sy\/tr\/?p=68073"},"modified":"2016-04-09T19:17:26","modified_gmt":"2016-04-09T16:17:26","slug":"ban-ve-de-mistura-pratik-cabalara-cagirdi","status":"publish","type":"post","link":"https:\/\/archive.sana.sy\/tr\/?p=68073","title":{"rendered":"Ban ve de Mistura Pratik \u00c7abalara \u00c7a\u011f\u0131rd\u0131"},"content":{"rendered":"<p>CENEVRE \u2013 BM Genel Sekreteri Ban Ki-moon t\u00fcm uluslar aras\u0131 toplumu, adeta bir kanser gibi yay\u0131lan I\u015e\u0130D ve di\u011fer ter\u00f6r \u00f6rg\u00fctlere kar\u015f\u0131 etkin ve ciddi bir m\u00fccadeleye davet erken, ter\u00f6ristlerin klasik olmayan silahlara sahip olmalar\u0131 tehlikesine kar\u015f\u0131 uyar\u0131da bulundu.<\/p>\n<p>Cenevre&#8217;de radikalli\u011fe kar\u015f\u0131 d\u00fczenlenen uluslar aras\u0131 konferansa kat\u0131lan Ban; ter\u00f6r\u00fcn askeri ve g\u00fcvenlik icraatlarla yok edilmesinin m\u00fcmk\u00fcn olmad\u0131\u011f\u0131n\u0131, dolay\u0131s\u0131yla \u00f6nlem icraatlar\u0131n al\u0131nmas\u0131 gerekti\u011fini vurgulad\u0131.<\/p>\n<p><span style=\"color: #0000ff\">I\u015e\u0130D\u2019in Finans Kaynaklar\u0131 Kesilmeli<\/span><\/p>\n<p>Konferansta konu\u015fan BM genel sekreterinin Suriye \u00f6zel temsilcisi Staffan de Mistura ise; I\u015e\u0130D\u2019in \u00e7al\u0131nt\u0131 petrol ve tarihi eser ticaretiyle sa\u011flad\u0131\u011f\u0131 b\u00fcy\u00fck miktardaki finansa dikkat \u00e7ekerken, bu ter\u00f6r \u00f6rg\u00fct\u00fcn\u00fcn finans kaynaklar\u0131n\u0131n kesilmesi \u00e7a\u011fr\u0131s\u0131nda bulundu. De Mistura vah\u015fetlerinde s\u0131n\u0131r tan\u0131mayan bu ter\u00f6ristlere kar\u015f\u0131 m\u00fccadelede s\u00f6zlerle yetinmek yerine prati\u011fe ge\u00e7ilmesi, etkin ve ciddi \u00e7abalar\u0131n harcanmas\u0131 gere\u011finin alt\u0131n\u0131 \u00e7izdi.<\/p>\n<p>De Mistura Suriye&#8217;ye Destek Grubu \u00fcyelerinin Moskova\u2019n\u0131n I\u015e\u0130D\u2019e kar\u015f\u0131 m\u00fccadele \u00e7abalar\u0131ndan memnun oldu\u011funu belirtti.<\/p>\n","protected":false},"excerpt":{"rendered":"<p>CENEVRE \u2013 BM Genel Sekreteri Ban Ki-moon t\u00fcm uluslar aras\u0131 toplumu, adeta bir kanser gibi yay\u0131lan I\u015e\u0130D ve di\u011fer ter\u00f6r \u00f6rg\u00fctlere kar\u015f\u0131 etkin ve ciddi bir m\u00fccadeleye davet erken, ter\u00f6ristlerin klasik olmayan silahlara sahip olmalar\u0131 tehlikesine kar\u015f\u0131 uyar\u0131da bulundu. Cenevre&#8217;de radikalli\u011fe kar\u015f\u0131 d\u00fczenlenen uluslar aras\u0131 konferansa kat\u0131lan Ban; ter\u00f6r\u00fcn askeri ve g\u00fcvenlik icraatlarla yok edilmesinin &hellip;<\/p>\n","protected":false},"author":1,"featured_media":68074,"comment_status":"closed","ping_status":"closed","sticky":false,"template":"","format":"standard","meta":{"footnotes":""},"categories":[458,459,17988],"tags":[],"class_list":["post-68073","post","type-post","status-publish","format-standard","has-post-thumbnail","","category-dunya1","category-haberler-arap-uluslararasi-politika","category-son-haberler"],"_links":{"self":[{"href":"https:\/\/archive.sana.sy\/tr\/index.php?rest_route=\/wp\/v2\/posts\/68073","targetHints":{"allow":["GET"]}}],"collection":[{"href":"https:\/\/archive.sana.sy\/tr\/index.php?rest_route=\/wp\/v2\/posts"}],"about":[{"href":"https:\/\/archive.sana.sy\/tr\/index.php?rest_route=\/wp\/v2\/types\/post"}],"author":[{"embeddable":true,"href":"https:\/\/archive.sana.sy\/tr\/index.php?rest_route=\/wp\/v2\/users\/1"}],"replies":[{"embeddable":true,"href":"https:\/\/archive.sana.sy\/tr\/index.php?rest_route=%2Fwp%2Fv2%2Fcomments&post=68073"}],"version-history":[{"count":0,"href":"https:\/\/archive.sana.sy\/tr\/index.php?rest_route=\/wp\/v2\/posts\/68073\/revisions"}],"wp:featuredmedia":[{"embeddable":true,"href":"https:\/\/archive.sana.sy\/tr\/index.php?rest_route=\/wp\/v2\/media\/68074"}],"wp:attachment":[{"href":"https:\/\/archive.sana.sy\/tr\/index.php?rest_route=%2Fwp%2Fv2%2Fmedia&parent=68073"}],"wp:term":[{"taxonomy":"category","embeddable":true,"href":"https:\/\/archive.sana.sy\/tr\/index.php?rest_route=%2Fwp%2Fv2%2Fcategories&post=68073"},{"taxonomy":"post_tag","embeddable":true,"href":"https:\/\/archive.sana.sy\/tr\/index.php?rest_route=%2Fwp%2Fv2%2Ftags&post=68073"}],"curies":[{"name":"wp","href":"https:\/\/api.w.org\/{rel}","templated":true}]}}