{"id":68107,"date":"2016-04-09T13:39:25","date_gmt":"2016-04-09T10:39:25","guid":{"rendered":"http:\/\/www.sana.sy\/tr\/?p=68107"},"modified":"2016-04-10T16:29:49","modified_gmt":"2016-04-10T13:29:49","slug":"hazirlik-icraatlari-tamamlandi","status":"publish","type":"post","link":"https:\/\/archive.sana.sy\/tr\/?p=68107","title":{"rendered":"Haz\u0131rl\u0131k \u0130craatlar\u0131 Tamamland\u0131"},"content":{"rendered":"<p>\u015eAM \u2013 Se\u00e7im Y\u00fcksek Yarg\u0131 Komisyonu Ba\u015fkan\u0131 Yarg\u0131\u00e7 Hi\u015fam el \u015eear; 13 Nisanda yap\u0131lmas\u0131 beklenen Halk Meclisi se\u00e7imleri i\u00e7in gerekli t\u00fcm ekipman ve lojistik deste\u011fin tamamland\u0131\u011f\u0131n\u0131 belirtti.<\/p>\n<p>\u0130llerde bulunan se\u00e7im yan komiteleri ba\u015fkan ve \u00fcyeleriyle bug\u00fcn bir araya gelen \u015eear; t\u00fcm illerde se\u00e7im merkezleri, se\u00e7im komiteleri ve gerekli edat ve gere\u00e7lerin haz\u0131r oldu\u011funu, se\u00e7im komite ba\u015fkanlar\u0131 ve \u00fcyelerinin de anayasal yemini ettiklerini s\u00f6yledi.<\/p>\n<p>Se\u00e7im Y\u00fcksek Yarg\u0131 Komisyonunun t\u00fcm illerde bulunan yan komiteleri ile daimi bir \u015fekilde ileti\u015fimde kalaca\u011f\u0131n\u0131 ve se\u00e7im seyrini takip edece\u011fini belirten Yarg\u0131\u00e7 \u015eear; olas\u0131 herhangi bir durumu derhal halletmek i\u00e7in se\u00e7im s\u00fcreci boyunca ola\u011fan\u00fcst\u00fc halde kalaca\u011f\u0131n\u0131 a\u00e7\u0131klad\u0131.<\/p>\n<p>Yarg\u0131\u00e7 \u015eear se\u00e7imlerin d\u00fcr\u00fcst ve demokratik bir \u015fekilde icra edilmesi y\u00f6n\u00fcnde yan komite ba\u015fkanlar\u0131 ve \u00fcyelerine gerekli y\u00f6nlendirmelerde bulundu.<\/p>\n","protected":false},"excerpt":{"rendered":"<p>\u015eAM \u2013 Se\u00e7im Y\u00fcksek Yarg\u0131 Komisyonu Ba\u015fkan\u0131 Yarg\u0131\u00e7 Hi\u015fam el \u015eear; 13 Nisanda yap\u0131lmas\u0131 beklenen Halk Meclisi se\u00e7imleri i\u00e7in gerekli t\u00fcm ekipman ve lojistik deste\u011fin tamamland\u0131\u011f\u0131n\u0131 belirtti. \u0130llerde bulunan se\u00e7im yan komiteleri ba\u015fkan ve \u00fcyeleriyle bug\u00fcn bir araya gelen \u015eear; t\u00fcm illerde se\u00e7im merkezleri, se\u00e7im komiteleri ve gerekli edat ve gere\u00e7lerin haz\u0131r oldu\u011funu, se\u00e7im komite &hellip;<\/p>\n","protected":false},"author":1,"featured_media":68108,"comment_status":"closed","ping_status":"closed","sticky":false,"template":"","format":"standard","meta":{"footnotes":""},"categories":[479,17988,478],"tags":[20398,20296,20399,19688,19949,19548,20326,19834],"class_list":["post-68107","post","type-post","status-publish","format-standard","has-post-thumbnail","","category-haberler-yerel","category-son-haberler","category-yerel","tag-hazirlik-icraatlari-tamamlandi","tag-meclis-secimleri","tag-mi","tag-milletvekili-adaylari","tag-milletvekili-secimleri","tag-parlamento-secimleri","tag-secim-komitesi","tag-yasama-secimleri"],"_links":{"self":[{"href":"https:\/\/archive.sana.sy\/tr\/index.php?rest_route=\/wp\/v2\/posts\/68107","targetHints":{"allow":["GET"]}}],"collection":[{"href":"https:\/\/archive.sana.sy\/tr\/index.php?rest_route=\/wp\/v2\/posts"}],"about":[{"href":"https:\/\/archive.sana.sy\/tr\/index.php?rest_route=\/wp\/v2\/types\/post"}],"author":[{"embeddable":true,"href":"https:\/\/archive.sana.sy\/tr\/index.php?rest_route=\/wp\/v2\/users\/1"}],"replies":[{"embeddable":true,"href":"https:\/\/archive.sana.sy\/tr\/index.php?rest_route=%2Fwp%2Fv2%2Fcomments&post=68107"}],"version-history":[{"count":0,"href":"https:\/\/archive.sana.sy\/tr\/index.php?rest_route=\/wp\/v2\/posts\/68107\/revisions"}],"wp:featuredmedia":[{"embeddable":true,"href":"https:\/\/archive.sana.sy\/tr\/index.php?rest_route=\/wp\/v2\/media\/68108"}],"wp:attachment":[{"href":"https:\/\/archive.sana.sy\/tr\/index.php?rest_route=%2Fwp%2Fv2%2Fmedia&parent=68107"}],"wp:term":[{"taxonomy":"category","embeddable":true,"href":"https:\/\/archive.sana.sy\/tr\/index.php?rest_route=%2Fwp%2Fv2%2Fcategories&post=68107"},{"taxonomy":"post_tag","embeddable":true,"href":"https:\/\/archive.sana.sy\/tr\/index.php?rest_route=%2Fwp%2Fv2%2Ftags&post=68107"}],"curies":[{"name":"wp","href":"https:\/\/api.w.org\/{rel}","templated":true}]}}