{"id":68128,"date":"2016-04-09T16:38:32","date_gmt":"2016-04-09T13:38:32","guid":{"rendered":"http:\/\/www.sana.sy\/tr\/?p=68128"},"modified":"2016-05-25T17:50:38","modified_gmt":"2016-05-25T14:50:38","slug":"cumhurbaskani-bessar-el-esadin-yonlendirmeleri-dogrultusunda-vakiflar-bakani-muhammed-abdussettar-el-seyit-antakya-ve-tum-dogu-rum-ortodokslar-patrigi-x-yuhanna-yaziciyi-lazkiye","status":"publish","type":"post","link":"https:\/\/archive.sana.sy\/tr\/?p=68128","title":{"rendered":"Cumhurba\u015fkan\u0131 Be\u015f\u015far el Esad\u2019\u0131n y\u00f6nlendirmeleri do\u011frultusunda Vak\u0131flar Bakan\u0131 Muhammed Abd\u00fcssettar el Seyit Antakya ve T\u00fcm Do\u011fu Rum Ortodokslar Patri\u011fi X. Yuhanna Yaz\u0131c\u0131\u2019y\u0131 Lazkiye\u2019deki Aziz Cavrcyous Katedralli\u011finde ziyaret ederek, annesinin vefat\u0131ndan dolay\u0131 taziyelerini takdim etti"},"content":{"rendered":"<p>Cumhurba\u015fkan\u0131 Be\u015f\u015far el Esad\u2019\u0131n y\u00f6nlendirmeleri do\u011frultusunda Vak\u0131flar Bakan\u0131 Muhammed Abd\u00fcssettar el Seyit Antakya ve T\u00fcm Do\u011fu Rum Ortodokslar Patri\u011fi X. Yuhanna Yaz\u0131c\u0131\u2019y\u0131 Lazkiye\u2019deki Aziz Cavrcyous Katedralli\u011finde ziyaret ederek, annesinin vefat\u0131ndan dolay\u0131 taziyelerini takdim etti<\/p>\n","protected":false},"excerpt":{"rendered":"<p>Cumhurba\u015fkan\u0131 Be\u015f\u015far el Esad\u2019\u0131n y\u00f6nlendirmeleri do\u011frultusunda Vak\u0131flar Bakan\u0131 Muhammed Abd\u00fcssettar el Seyit Antakya ve T\u00fcm Do\u011fu Rum Ortodokslar Patri\u011fi X. Yuhanna Yaz\u0131c\u0131\u2019y\u0131 Lazkiye\u2019deki Aziz Cavrcyous Katedralli\u011finde ziyaret ederek, annesinin vefat\u0131ndan dolay\u0131 taziyelerini takdim etti<\/p>\n","protected":false},"author":1,"featured_media":0,"comment_status":"closed","ping_status":"closed","sticky":false,"template":"","format":"standard","meta":{"footnotes":""},"categories":[17991],"tags":[],"class_list":["post-68128","post","type-post","status-publish","format-standard","","category-son-dakika"],"_links":{"self":[{"href":"https:\/\/archive.sana.sy\/tr\/index.php?rest_route=\/wp\/v2\/posts\/68128","targetHints":{"allow":["GET"]}}],"collection":[{"href":"https:\/\/archive.sana.sy\/tr\/index.php?rest_route=\/wp\/v2\/posts"}],"about":[{"href":"https:\/\/archive.sana.sy\/tr\/index.php?rest_route=\/wp\/v2\/types\/post"}],"author":[{"embeddable":true,"href":"https:\/\/archive.sana.sy\/tr\/index.php?rest_route=\/wp\/v2\/users\/1"}],"replies":[{"embeddable":true,"href":"https:\/\/archive.sana.sy\/tr\/index.php?rest_route=%2Fwp%2Fv2%2Fcomments&post=68128"}],"version-history":[{"count":0,"href":"https:\/\/archive.sana.sy\/tr\/index.php?rest_route=\/wp\/v2\/posts\/68128\/revisions"}],"wp:attachment":[{"href":"https:\/\/archive.sana.sy\/tr\/index.php?rest_route=%2Fwp%2Fv2%2Fmedia&parent=68128"}],"wp:term":[{"taxonomy":"category","embeddable":true,"href":"https:\/\/archive.sana.sy\/tr\/index.php?rest_route=%2Fwp%2Fv2%2Fcategories&post=68128"},{"taxonomy":"post_tag","embeddable":true,"href":"https:\/\/archive.sana.sy\/tr\/index.php?rest_route=%2Fwp%2Fv2%2Ftags&post=68128"}],"curies":[{"name":"wp","href":"https:\/\/api.w.org\/{rel}","templated":true}]}}