{"id":6813,"date":"2014-08-09T09:33:00","date_gmt":"2014-08-09T06:33:00","guid":{"rendered":"http:\/\/www.sana.sy\/tr\/?p=6813"},"modified":"2014-08-09T09:37:14","modified_gmt":"2014-08-09T06:37:14","slug":"2013-2014-mevsimi-profesyonel-futbol-sampiyonu-el-vahda","status":"publish","type":"post","link":"https:\/\/archive.sana.sy\/tr\/?p=6813","title":{"rendered":"2013-2014 Mevsimi Profesyonel Futbol \u015eampiyonu el Vahda"},"content":{"rendered":"<p>\u015eAM \u2013 2013-2014 Profesyonel Futbol Ligi \u015fampiyonlu\u011funu \u015eam Te\u015frin Stad\u0131nda bir araya getirdi\u011fi final ma\u00e7\u0131nda el Vahda Futbol tak\u0131m\u0131 Ordu tak\u0131m\u0131n\u0131 1-0\u2019l\u0131k skorla yenerek \u015fampiyonlu\u011funu ilan etti.<\/p>\n<p>Kar\u015f\u0131la\u015fman\u0131n tek gol\u00fc 83. Dakikada gelirken el Vahda tak\u0131m\u0131 tarihinde 2003-2004\u2019ten sonra ikinci kez \u015fampiyonlu\u011funu ilan etmi\u015f oldu.<\/p>\n<p style=\"text-align: left\">\u00d6te yandan Ordu tak\u0131m\u0131 ge\u00e7en sene kazand\u0131\u011f\u0131 kariyerindeki 12. \u015eampiyonlu\u011fu ard\u0131ndan bu y\u0131l bu el Vahda tak\u0131m\u0131na devretmi\u015f oldu.<\/p>\n<p style=\"text-align: center\"><a href=\"http:\/\/www.sana.sy\/tr\/wp-content\/uploads\/2014\/08\/Al-Vahda-SK.1.jpg\"><img loading=\"lazy\" decoding=\"async\" class=\"alignnone size-medium wp-image-6817\" src=\"http:\/\/www.sana.sy\/tr\/wp-content\/uploads\/2014\/08\/Al-Vahda-SK.1-300x159.jpg\" alt=\"Al Vahda SK.1\" width=\"300\" height=\"159\" srcset=\"https:\/\/archive.sana.sy\/tr\/wp-content\/uploads\/2014\/08\/Al-Vahda-SK.1-300x160.jpg 300w, https:\/\/archive.sana.sy\/tr\/wp-content\/uploads\/2014\/08\/Al-Vahda-SK.1-150x79.jpg 150w, https:\/\/archive.sana.sy\/tr\/wp-content\/uploads\/2014\/08\/Al-Vahda-SK.1.jpg 381w\" sizes=\"auto, (max-width: 300px) 100vw, 300px\" \/><\/a><\/p>\n<p>Savunma a\u011f\u0131rl\u0131kl\u0131 ge\u00e7en ma\u00e7 orta sahada ge\u00e7erken uzun toplarla yap\u0131lan ataklar her iki tak\u0131m kalecisinde tehlike arz etmedi.<\/p>\n<p>\u0130kinci yar\u0131da da de\u011fi\u015fmeyen ma\u00e7 temposu 83. Dakikada sa\u011f taraftan yap\u0131lan ortaya golc\u00fc futbolcu Macit el Hac yararlanarak topu Ordu filelerine b\u0131rakt\u0131.<\/p>\n<p>Ordu tak\u0131m\u0131n\u0131n beraberlik giri\u015fimleri sonu\u00e7 vermezken ma\u00e7 1-0 el Vahda tak\u0131m\u0131n\u0131n lehine kapnad\u0131.<\/p>\n<p style=\"text-align: left\">Ma\u00e7tan sonra oyuncular ve el Vahda taraftarlar\u0131 \u015fampiyonay\u0131 ikinci kez kazanmalar\u0131ndan dolay\u0131 b\u00fcy\u00fck sevin\u00e7 ya\u015fad\u0131lar.<\/p>\n<p style=\"text-align: left\"><a href=\"http:\/\/www.sana.sy\/tr\/wp-content\/uploads\/2014\/08\/Al-Vahda-SK.2.jpg\"><img loading=\"lazy\" decoding=\"async\" class=\"size-medium wp-image-6819 aligncenter\" src=\"http:\/\/www.sana.sy\/tr\/wp-content\/uploads\/2014\/08\/Al-Vahda-SK.2-300x159.jpg\" alt=\"Al Vahda SK.2\" width=\"300\" height=\"159\" srcset=\"https:\/\/archive.sana.sy\/tr\/wp-content\/uploads\/2014\/08\/Al-Vahda-SK.2-300x160.jpg 300w, https:\/\/archive.sana.sy\/tr\/wp-content\/uploads\/2014\/08\/Al-Vahda-SK.2-150x79.jpg 150w, https:\/\/archive.sana.sy\/tr\/wp-content\/uploads\/2014\/08\/Al-Vahda-SK.2.jpg 381w\" sizes=\"auto, (max-width: 300px) 100vw, 300px\" \/><\/a><\/p>\n<p>Profesyonel Futbol liginin bu mevsiminde 6 kez bir araya gelen her iki tak\u0131m Ordu tak\u0131m\u0131n\u0131n 3, el Vahda\u2019n\u0131n 1 galibiyetiyle tamamlan\u0131rken 3 ma\u00e7ta berabere sonu\u00e7lanm\u0131\u015ft\u0131.<\/p>\n<p>Hat\u0131rlanaca\u011f\u0131 \u00fczere Ordu ve el Vahda tak\u0131mlar\u0131 ge\u00e7en Haziran ay\u0131nda d\u00fczenlenen final ma\u00e7lar\u0131nda d\u00fczenledikleri kar\u015f\u0131la\u015fma 0-0 berabere sonu\u00e7lanm\u0131\u015ft\u0131.<\/p>\n","protected":false},"excerpt":{"rendered":"<p>\u015eAM \u2013 2013-2014 Profesyonel Futbol Ligi \u015fampiyonlu\u011funu \u015eam Te\u015frin Stad\u0131nda bir araya getirdi\u011fi final ma\u00e7\u0131nda el Vahda Futbol tak\u0131m\u0131 Ordu tak\u0131m\u0131n\u0131 1-0\u2019l\u0131k skorla yenerek \u015fampiyonlu\u011funu ilan etti. Kar\u015f\u0131la\u015fman\u0131n tek gol\u00fc 83. Dakikada gelirken el Vahda tak\u0131m\u0131 tarihinde 2003-2004\u2019ten sonra ikinci kez \u015fampiyonlu\u011funu ilan etmi\u015f oldu. \u00d6te yandan Ordu tak\u0131m\u0131 ge\u00e7en sene kazand\u0131\u011f\u0131 kariyerindeki 12. \u015eampiyonlu\u011fu &hellip;<\/p>\n","protected":false},"author":1,"featured_media":6816,"comment_status":"closed","ping_status":"closed","sticky":false,"template":"","format":"standard","meta":{"footnotes":""},"categories":[496,497],"tags":[1523],"class_list":["post-6813","post","type-post","status-publish","format-standard","has-post-thumbnail","","category-spor","category-yerel-turnuvalar","tag-2013-2014-mevsimi-profesyonel-futbol-sampiyonu-el-vahda"],"_links":{"self":[{"href":"https:\/\/archive.sana.sy\/tr\/index.php?rest_route=\/wp\/v2\/posts\/6813","targetHints":{"allow":["GET"]}}],"collection":[{"href":"https:\/\/archive.sana.sy\/tr\/index.php?rest_route=\/wp\/v2\/posts"}],"about":[{"href":"https:\/\/archive.sana.sy\/tr\/index.php?rest_route=\/wp\/v2\/types\/post"}],"author":[{"embeddable":true,"href":"https:\/\/archive.sana.sy\/tr\/index.php?rest_route=\/wp\/v2\/users\/1"}],"replies":[{"embeddable":true,"href":"https:\/\/archive.sana.sy\/tr\/index.php?rest_route=%2Fwp%2Fv2%2Fcomments&post=6813"}],"version-history":[{"count":0,"href":"https:\/\/archive.sana.sy\/tr\/index.php?rest_route=\/wp\/v2\/posts\/6813\/revisions"}],"wp:featuredmedia":[{"embeddable":true,"href":"https:\/\/archive.sana.sy\/tr\/index.php?rest_route=\/wp\/v2\/media\/6816"}],"wp:attachment":[{"href":"https:\/\/archive.sana.sy\/tr\/index.php?rest_route=%2Fwp%2Fv2%2Fmedia&parent=6813"}],"wp:term":[{"taxonomy":"category","embeddable":true,"href":"https:\/\/archive.sana.sy\/tr\/index.php?rest_route=%2Fwp%2Fv2%2Fcategories&post=6813"},{"taxonomy":"post_tag","embeddable":true,"href":"https:\/\/archive.sana.sy\/tr\/index.php?rest_route=%2Fwp%2Fv2%2Ftags&post=6813"}],"curies":[{"name":"wp","href":"https:\/\/api.w.org\/{rel}","templated":true}]}}