{"id":68134,"date":"2016-04-09T20:00:25","date_gmt":"2016-04-09T17:00:25","guid":{"rendered":"http:\/\/sana.sy\/tr\/?p=68134"},"modified":"2016-04-10T16:25:31","modified_gmt":"2016-04-10T13:25:31","slug":"erdogan-ve-al-suud-rejimlerine-tabi-teroristler-hakkettikleri-cevabi-aldi","status":"publish","type":"post","link":"https:\/\/archive.sana.sy\/tr\/?p=68134","title":{"rendered":"Erdo\u011fan ve Al Suud Rejimlerine Tabi Ter\u00f6ristler Hakkettikleri Cevab\u0131 Ald\u0131"},"content":{"rendered":"<p>\u0130LLER \u00d6zellikle Halep k\u0131rsal\u0131nda olmak \u00fczere \u00e7at\u0131\u015fmalar\u0131 durdurma anla\u015fmas\u0131n\u0131 ihlal eden Erdo\u011fan ve Al Suud rejimlerine tabi ter\u00f6ristler ordu birliklerimiz taraf\u0131ndan hakkettikleri cevab\u0131 almalar\u0131yla say\u0131 ve cephane a\u00e7\u0131s\u0131ndan a\u011f\u0131r kay\u0131plara u\u011frat\u0131ld\u0131lar<\/p>\n<p><span style=\"color: #0000ff\">HALEP:<\/span><\/p>\n<p>SANA\u2019ya a\u00e7\u0131klama yapan askeri bir kaynak ordu birliklerimizin Halep k\u0131rsal\u0131n\u0131n Han Toman Beldesi civar\u0131na ilaveten Eys ve Mveylih k\u00f6ylerinde T\u00fcrkiye rejiminin destekledi\u011fi tekfirci ve kiral\u0131k ter\u00f6ristlere y\u00f6nelik operasyonlar ger\u00e7ekle\u015ftirdiklerin ifade etti. Kaynak; operasyonlarda \u00e7ok say\u0131da ter\u00f6ristin \u00f6l\u00fc ve yaral\u0131 d\u00fc\u015f\u00fcr\u00fcl\u00fcp komuta karargahlar\u0131, silah ve m\u00fchimmat ta\u015f\u0131yan a\u011f\u0131r makineli silahlarla donat\u0131lm\u0131\u015f ara\u00e7lar\u0131n\u0131n tamamen imha edildi\u011fine dikkat \u00e7ekti.<\/p>\n<p>Halep k\u0131rsal\u0131n\u0131n kuzeyinde de ordu birliklerimizin Nusra Cephesi ve \u00e7at\u0131s\u0131 alt\u0131nda bulunan ter\u00f6r \u00f6rg\u00fctlere kar\u015f\u0131 nitelikli operasyonlar\u0131n\u0131 s\u00fcrd\u00fcrd\u00fcklerini belirten kaynak; Handerat Kamp\u0131 ve Dahret Abd Rabbu B\u00f6lgesinde tekfircileri say\u0131 ve te\u00e7hizatlar\u0131yla a\u011f\u0131r kay\u0131plara u\u011fratt\u0131klar\u0131n\u0131 aktard\u0131.<\/p>\n<p>\u00d6te yandan ter\u00f6r \u00f6rg\u00fctleri medya ara\u00e7lar\u0131nda Handerat Kamp\u0131n\u0131n \u00e7evresinde aralar\u0131nda tehlikeli isimlerin bulundu\u011fu en az 14 ter\u00f6ristin \u00f6ld\u00fcr\u00fcld\u00fc\u011f\u00fcn\u00fc itiraf etti.<\/p>\n<p>Halep Kenti Gen\u00e7lik Konutlar\u0131 B\u00f6lgesi ve Beni Zeyd Semtinde ter\u00f6r gruplar\u0131n\u0131n toplanma yerleri ve merkezlerini yo\u011fun ate\u015fe tutuklar\u0131n\u0131 aktaran kaynak; savunmas\u0131z insanlar ve g\u00fcvenli alanlar\u0131 hedef almada kulland\u0131klar\u0131 havan rampalar\u0131n\u0131 ekipleriyle birlikte etkisizle\u015ftirdiklerini s\u00f6yledi.<\/p>\n<p>\u015eeyh Maksud Semtinde yerel kaynaklar SANA\u2019ya a\u00e7\u0131klamalar\u0131nda; K\u00fcrt Halk Koruma G\u00fc\u00e7lerinin semte sald\u0131rmaya \u00e7al\u0131\u015fan Nusra Cephesi ve di\u011fer ter\u00f6r gruplar\u0131na kar\u015f\u0131 koyarak radikal ter\u00f6ristlerin saflar\u0131nda b\u00fcy\u00fck kay\u0131plara yol a\u00e7t\u0131klar\u0131n\u0131 belirtti. kaynaklar sa\u011f kalan ter\u00f6ristlerin ise ka\u00e7maya zorland\u0131klar\u0131n\u0131 aktard\u0131.<br \/>\nDi\u011fer yandan Halep k\u0131rsal\u0131n\u0131n do\u011fusu Arran ve Bat\u0131 Resm Hamis k\u00f6ylerinde ordu birliklerimiz I\u015e\u0130D\u2019in karargahlar\u0131 ve ara\u00e7lar\u0131n\u0131 muhtevalar\u0131yla birlikte yok etti.<\/p>\n<p>Bu arada Halep k\u0131rsal\u0131n\u0131n g\u00fcney ve bat\u0131s\u0131nda bulunan silahl\u0131 ter\u00f6r \u00f6rg\u00fctleri; \u00e7at\u0131\u015fmalar\u0131 durdurma anla\u015fmas\u0131n\u0131 kabul eden \u2018Suriye muhalefeti\u2019 saflar\u0131nda yer ald\u0131\u011f\u0131n\u0131 ilan etmeleri ard\u0131ndan son olarak Kaide \u00d6rg\u00fct\u00fcn\u00fcn Suriye kolu Nusra Cephesi \u00e7at\u0131s\u0131 alt\u0131nda oldu\u011funu ilan edip Suriye ordusuna kar\u015f\u0131 provokasyon eylemlerine kat\u0131l\u0131yor.<\/p>\n","protected":false},"excerpt":{"rendered":"<p>\u0130LLER \u00d6zellikle Halep k\u0131rsal\u0131nda olmak \u00fczere \u00e7at\u0131\u015fmalar\u0131 durdurma anla\u015fmas\u0131n\u0131 ihlal eden Erdo\u011fan ve Al Suud rejimlerine tabi ter\u00f6ristler ordu birliklerimiz taraf\u0131ndan hakkettikleri cevab\u0131 almalar\u0131yla say\u0131 ve cephane a\u00e7\u0131s\u0131ndan a\u011f\u0131r kay\u0131plara u\u011frat\u0131ld\u0131lar HALEP: SANA\u2019ya a\u00e7\u0131klama yapan askeri bir kaynak ordu birliklerimizin Halep k\u0131rsal\u0131n\u0131n Han Toman Beldesi civar\u0131na ilaveten Eys ve Mveylih k\u00f6ylerinde T\u00fcrkiye rejiminin destekledi\u011fi tekfirci &hellip;<\/p>\n","protected":false},"author":1,"featured_media":68135,"comment_status":"closed","ping_status":"closed","sticky":false,"template":"","format":"standard","meta":{"footnotes":""},"categories":[575],"tags":[],"class_list":["post-68134","post","type-post","status-publish","format-standard","has-post-thumbnail","","category-olaylar-ve-gercekler"],"_links":{"self":[{"href":"https:\/\/archive.sana.sy\/tr\/index.php?rest_route=\/wp\/v2\/posts\/68134","targetHints":{"allow":["GET"]}}],"collection":[{"href":"https:\/\/archive.sana.sy\/tr\/index.php?rest_route=\/wp\/v2\/posts"}],"about":[{"href":"https:\/\/archive.sana.sy\/tr\/index.php?rest_route=\/wp\/v2\/types\/post"}],"author":[{"embeddable":true,"href":"https:\/\/archive.sana.sy\/tr\/index.php?rest_route=\/wp\/v2\/users\/1"}],"replies":[{"embeddable":true,"href":"https:\/\/archive.sana.sy\/tr\/index.php?rest_route=%2Fwp%2Fv2%2Fcomments&post=68134"}],"version-history":[{"count":0,"href":"https:\/\/archive.sana.sy\/tr\/index.php?rest_route=\/wp\/v2\/posts\/68134\/revisions"}],"wp:featuredmedia":[{"embeddable":true,"href":"https:\/\/archive.sana.sy\/tr\/index.php?rest_route=\/wp\/v2\/media\/68135"}],"wp:attachment":[{"href":"https:\/\/archive.sana.sy\/tr\/index.php?rest_route=%2Fwp%2Fv2%2Fmedia&parent=68134"}],"wp:term":[{"taxonomy":"category","embeddable":true,"href":"https:\/\/archive.sana.sy\/tr\/index.php?rest_route=%2Fwp%2Fv2%2Fcategories&post=68134"},{"taxonomy":"post_tag","embeddable":true,"href":"https:\/\/archive.sana.sy\/tr\/index.php?rest_route=%2Fwp%2Fv2%2Ftags&post=68134"}],"curies":[{"name":"wp","href":"https:\/\/api.w.org\/{rel}","templated":true}]}}