{"id":68193,"date":"2016-04-09T14:15:58","date_gmt":"2016-04-09T11:15:58","guid":{"rendered":"http:\/\/www.sana.sy\/tr\/?p=68193"},"modified":"2016-04-10T16:29:45","modified_gmt":"2016-04-10T13:29:45","slug":"isid-mayininda-6-cocuk-sehit-oldu","status":"publish","type":"post","link":"https:\/\/archive.sana.sy\/tr\/?p=68193","title":{"rendered":"I\u015e\u0130D May\u0131n\u0131nda 6 \u00c7ocuk \u015eehit Oldu"},"content":{"rendered":"<p>HALEP \u2013 Halep k\u0131rsal\u0131n\u0131n kuzeyi Derb hasan K\u00f6y\u00fcnde I\u015e\u0130D tekfircilerinden kalma bir kara may\u0131n\u0131n\u0131n patlamas\u0131 sonucunda 6 \u00e7ocuk \u015fehit d\u00fc\u015ft\u00fc.<\/p>\n<p>Rakka il idari s\u0131n\u0131rlar\u0131na yak\u0131n d\u00fc\u015fen k\u00f6yde yerel kaynaklar; bir grup \u00e7ocu\u011fun oynad\u0131\u011f\u0131 s\u0131rada patlayan may\u0131nda 6 \u00e7ocu\u011fun \u015fehit, birka\u00e7 \u00e7ocu\u011fun da yaral\u0131 d\u00fc\u015ft\u00fcklerini belirtti.<\/p>\n","protected":false},"excerpt":{"rendered":"<p>HALEP \u2013 Halep k\u0131rsal\u0131n\u0131n kuzeyi Derb hasan K\u00f6y\u00fcnde I\u015e\u0130D tekfircilerinden kalma bir kara may\u0131n\u0131n\u0131n patlamas\u0131 sonucunda 6 \u00e7ocuk \u015fehit d\u00fc\u015ft\u00fc. Rakka il idari s\u0131n\u0131rlar\u0131na yak\u0131n d\u00fc\u015fen k\u00f6yde yerel kaynaklar; bir grup \u00e7ocu\u011fun oynad\u0131\u011f\u0131 s\u0131rada patlayan may\u0131nda 6 \u00e7ocu\u011fun \u015fehit, birka\u00e7 \u00e7ocu\u011fun da yaral\u0131 d\u00fc\u015ft\u00fcklerini belirtti.<\/p>\n","protected":false},"author":1,"featured_media":68197,"comment_status":"closed","ping_status":"closed","sticky":false,"template":"","format":"standard","meta":{"footnotes":""},"categories":[479,575,17988,478],"tags":[],"class_list":["post-68193","post","type-post","status-publish","format-standard","has-post-thumbnail","","category-haberler-yerel","category-olaylar-ve-gercekler","category-son-haberler","category-yerel"],"_links":{"self":[{"href":"https:\/\/archive.sana.sy\/tr\/index.php?rest_route=\/wp\/v2\/posts\/68193","targetHints":{"allow":["GET"]}}],"collection":[{"href":"https:\/\/archive.sana.sy\/tr\/index.php?rest_route=\/wp\/v2\/posts"}],"about":[{"href":"https:\/\/archive.sana.sy\/tr\/index.php?rest_route=\/wp\/v2\/types\/post"}],"author":[{"embeddable":true,"href":"https:\/\/archive.sana.sy\/tr\/index.php?rest_route=\/wp\/v2\/users\/1"}],"replies":[{"embeddable":true,"href":"https:\/\/archive.sana.sy\/tr\/index.php?rest_route=%2Fwp%2Fv2%2Fcomments&post=68193"}],"version-history":[{"count":0,"href":"https:\/\/archive.sana.sy\/tr\/index.php?rest_route=\/wp\/v2\/posts\/68193\/revisions"}],"wp:featuredmedia":[{"embeddable":true,"href":"https:\/\/archive.sana.sy\/tr\/index.php?rest_route=\/wp\/v2\/media\/68197"}],"wp:attachment":[{"href":"https:\/\/archive.sana.sy\/tr\/index.php?rest_route=%2Fwp%2Fv2%2Fmedia&parent=68193"}],"wp:term":[{"taxonomy":"category","embeddable":true,"href":"https:\/\/archive.sana.sy\/tr\/index.php?rest_route=%2Fwp%2Fv2%2Fcategories&post=68193"},{"taxonomy":"post_tag","embeddable":true,"href":"https:\/\/archive.sana.sy\/tr\/index.php?rest_route=%2Fwp%2Fv2%2Ftags&post=68193"}],"curies":[{"name":"wp","href":"https:\/\/api.w.org\/{rel}","templated":true}]}}