{"id":6821,"date":"2014-08-09T10:34:46","date_gmt":"2014-08-09T07:34:46","guid":{"rendered":"http:\/\/www.sana.sy\/tr\/?p=6821"},"modified":"2014-08-09T10:35:07","modified_gmt":"2014-08-09T07:35:07","slug":"avn-abdulkerim-ile-bolgedeki-gelismelerle-teror-tehlikesini-ele-aldi","status":"publish","type":"post","link":"https:\/\/archive.sana.sy\/tr\/?p=6821","title":{"rendered":"Avn, Abdulkerim ile B\u00f6lgedeki Geli\u015fmelerle Ter\u00f6r Tehlikesini Ele Ald\u0131"},"content":{"rendered":"<p>BEYRUT \u2013 L\u00fcbnanl\u0131 De\u011fi\u015fim ve Reform Grubu Ba\u015fkan\u0131 Milletvekili Mi\u015fel Avn d\u00fcn Suriye\u2019nin L\u00fcbnan B\u00fcy\u00fckel\u00e7isi Ali Abdulkerim ile Suriye ve L\u00fcbnan\u2019daki geli\u015fmeleri g\u00f6r\u00fc\u015ft\u00fc.<br \/>\nG\u00f6r\u00fc\u015fme sonras\u0131nda B\u00fcy\u00fckel\u00e7i Abdulkerim, General Avn\u2019\u0131n b\u00f6lgeyi tehdit eden tekfiri ter\u00f6r ile \u00e7at\u0131\u015fmalarla ilgili g\u00f6r\u00fc\u015flerini ele ald\u0131\u011f\u0131n\u0131 s\u00f6yledi.<\/p>\n<p>Abdulkerim, Suriye, L\u00fcbnan ve b\u00f6lgede cirit atan tekfiri ter\u00f6r gruplar\u0131n\u0131n, d\u00fcnyan\u0131n muhtelif \u00fclkelerinden ve d\u0131\u015f taraflarca finanse edildiklerini Suriye\u2019nin de L\u00fcbnan\u2019da bu ter\u00f6r gruplar\u0131n\u0131n baz\u0131 kulu\u00e7kalar\u0131n\u0131n bulunmas\u0131ndan uyard\u0131\u011f\u0131n\u0131 ifade etti.<\/p>\n<p>B\u00fcy\u00fckel\u00e7i Abdulkerim, Din ve rengi olmayan ter\u00f6r\u00fcn dolay\u0131s\u0131yla uluslararas\u0131 \u00f6rt\u00fc ile veya tarafs\u0131z kalmakla ge\u00e7mesine izin verilmemesi gerekti\u011fini, Suriye ve L\u00fcbnan aras\u0131nda halen ge\u00e7erli olan anla\u015fmalar\u0131n bulundu\u011funu uygulanmas\u0131 halinde bu ter\u00f6r\u00fcn bug\u00fcn burada bulunmayaca\u011f\u0131na dikkat \u00e7ekti.<\/p>\n<p>Abdulkerim, ter\u00f6r\u00fc para ve silahla finanse eden \u00fclke ve rejimleri geri \u00e7ekilmeye \u00e7a\u011f\u0131rarak dikkatli olmalar\u0131n\u0131 aksi halde ter\u00f6r\u00fc destekleyen herkesin bunun sonu\u00e7lar\u0131na katlanaca\u011f\u0131n\u0131 vurgulad\u0131.<\/p>\n<p>Ter\u00f6r\u00fcn Suriye\u2019de patlamas\u0131ndan sonra L\u00fcbnan\u2019da patlayan \u201cmay\u0131n\u201d olu\u011funu a\u00e7\u0131klayarak, L\u00fcbnan ordusunun ve halk\u0131n\u0131n s\u00f6z konusu ter\u00f6re kar\u015f\u0131 zafer elde etmesine y\u00f6nelik umudunu dile getirdi.<\/p>\n<p>B\u00fcy\u00fckel\u00e7i, Suriye\u2019nin L\u00fcbnan ile her iki \u00fclkeyi tehdit eden ve Siyonist \u0130srail \u00e7\u0131kar\u0131na akan ter\u00f6rle m\u00fccadelede aralar\u0131nda g\u00f6r\u00fc\u015f birli\u011fine b\u00fcy\u00fck \u00f6zen g\u00f6sterdi\u011fini dile getirdi.<\/p>\n<p>Ter\u00f6rist gruplar\u0131n eylemleri sonucunda Suriye\u2019den g\u00f6\u00e7 ettirilenlerle ilgiliyse Abdulkerim, Suriye h\u00fck\u00fcmetinin b\u00fct\u00fcn Suriyelilerin ana vatanlar\u0131na geri d\u00f6nmeleri i\u00e7in gereken b\u00fct\u00fcn gereksinimleri temin etmeye haz\u0131r oldu\u011funu ifade etti.<\/p>\n","protected":false},"excerpt":{"rendered":"<p>BEYRUT \u2013 L\u00fcbnanl\u0131 De\u011fi\u015fim ve Reform Grubu Ba\u015fkan\u0131 Milletvekili Mi\u015fel Avn d\u00fcn Suriye\u2019nin L\u00fcbnan B\u00fcy\u00fckel\u00e7isi Ali Abdulkerim ile Suriye ve L\u00fcbnan\u2019daki geli\u015fmeleri g\u00f6r\u00fc\u015ft\u00fc. G\u00f6r\u00fc\u015fme sonras\u0131nda B\u00fcy\u00fckel\u00e7i Abdulkerim, General Avn\u2019\u0131n b\u00f6lgeyi tehdit eden tekfiri ter\u00f6r ile \u00e7at\u0131\u015fmalarla ilgili g\u00f6r\u00fc\u015flerini ele ald\u0131\u011f\u0131n\u0131 s\u00f6yledi. Abdulkerim, Suriye, L\u00fcbnan ve b\u00f6lgede cirit atan tekfiri ter\u00f6r gruplar\u0131n\u0131n, d\u00fcnyan\u0131n muhtelif \u00fclkelerinden ve &hellip;<\/p>\n","protected":false},"author":1,"featured_media":6822,"comment_status":"closed","ping_status":"closed","sticky":false,"template":"","format":"standard","meta":{"footnotes":""},"categories":[458,459,584],"tags":[1525,1524],"class_list":["post-6821","post","type-post","status-publish","format-standard","has-post-thumbnail","","category-dunya1","category-haberler-arap-uluslararasi-politika","category-yurtdisinda-sana-ofisleri","tag-abdulkerim-ile-bolgedeki-gelismelerle-teror-tehlikesini-ele-aldi","tag-avn"],"_links":{"self":[{"href":"https:\/\/archive.sana.sy\/tr\/index.php?rest_route=\/wp\/v2\/posts\/6821","targetHints":{"allow":["GET"]}}],"collection":[{"href":"https:\/\/archive.sana.sy\/tr\/index.php?rest_route=\/wp\/v2\/posts"}],"about":[{"href":"https:\/\/archive.sana.sy\/tr\/index.php?rest_route=\/wp\/v2\/types\/post"}],"author":[{"embeddable":true,"href":"https:\/\/archive.sana.sy\/tr\/index.php?rest_route=\/wp\/v2\/users\/1"}],"replies":[{"embeddable":true,"href":"https:\/\/archive.sana.sy\/tr\/index.php?rest_route=%2Fwp%2Fv2%2Fcomments&post=6821"}],"version-history":[{"count":0,"href":"https:\/\/archive.sana.sy\/tr\/index.php?rest_route=\/wp\/v2\/posts\/6821\/revisions"}],"wp:featuredmedia":[{"embeddable":true,"href":"https:\/\/archive.sana.sy\/tr\/index.php?rest_route=\/wp\/v2\/media\/6822"}],"wp:attachment":[{"href":"https:\/\/archive.sana.sy\/tr\/index.php?rest_route=%2Fwp%2Fv2%2Fmedia&parent=6821"}],"wp:term":[{"taxonomy":"category","embeddable":true,"href":"https:\/\/archive.sana.sy\/tr\/index.php?rest_route=%2Fwp%2Fv2%2Fcategories&post=6821"},{"taxonomy":"post_tag","embeddable":true,"href":"https:\/\/archive.sana.sy\/tr\/index.php?rest_route=%2Fwp%2Fv2%2Ftags&post=6821"}],"curies":[{"name":"wp","href":"https:\/\/api.w.org\/{rel}","templated":true}]}}