{"id":68225,"date":"2016-04-09T18:45:05","date_gmt":"2016-04-09T15:45:05","guid":{"rendered":"http:\/\/www.sana.sy\/tr\/?p=68225"},"modified":"2016-04-10T16:29:30","modified_gmt":"2016-04-10T13:29:30","slug":"rusyali-heyet-sam-universitesini-ziyaret-etti","status":"publish","type":"post","link":"https:\/\/archive.sana.sy\/tr\/?p=68225","title":{"rendered":"Rusyal\u0131 Heyet \u015eam \u00dcniversitesini Ziyaret Etti"},"content":{"rendered":"<p>\u015eAM \u2013 Rusyal\u0131 bir heyet bug\u00fcn\u00a0\u015eam \u00dcniversitesini ziyaret ederek Suriyeli \u00f6\u011frencilere Rus\u00e7a Dil E\u011fitimi verilmesi alan\u0131nda i\u015fbirli\u011fi olanaklar\u0131n\u0131 ve Rusya Bar\u0131\u015f Ofisinin a\u00e7\u0131l\u0131\u015f haz\u0131rl\u0131klar\u0131 inceledi.<\/p>\n<p>Rusyal\u0131 Heyet \u00fcyeleri \u015eam \u00dcniversitesi Rus\u00e7a Dil B\u00f6l\u00fcm\u00fc \u00f6\u011frencileri ve \u00f6\u011fretim \u00fcyeleriyle g\u00f6r\u00fc\u015fmelerde bulunurken Rusyal\u0131 Sinerji \u00dcniversitesi Y\u00f6netim Kurulu \u00dcyesi Vadim Lubov, Suriyeli \u00f6\u011frenciler i\u00e7in Moskova\u2019da bir dil e\u011fitim kursu a\u00e7\u0131lmas\u0131n\u0131n yan\u0131 s\u0131ra k\u00fclt\u00fcrel ve turistik faaliyetler d\u00fczenlenmesi alan\u0131nda i\u015fbirli\u011fi yapma iste\u011fini dile getirdi.<\/p>\n<p>Duma Meclisi \u00dcyesi Robert Schlegel \u00f6vg\u00fcl\u00fc c\u00fcmlelerle, Suriye\u2019nin maruz kald\u0131\u011f\u0131 sald\u0131r\u0131lar kar\u015f\u0131s\u0131ndaki direni\u015fini ve \u00e7abalar\u0131n\u0131 takdir etti\u011fini dile getirerek bu topraklarda en yak\u0131n zamanda g\u00fcvenlik ve istikrar\u0131n sa\u011flanmas\u0131 temennisinde bulundu.<\/p>\n<p>Rusya D\u00fcnya Bar\u0131\u015f\u0131 Fonu Kurumu Y\u00f6netim Kurulu Ba\u015fkan\u0131 Sergey Choregan, D\u00fcnya Bar\u0131\u015f Fonu \u015eam \u00dcniversitesi Ofisinin a\u00e7\u0131lmas\u0131yla d\u00fcnyada kuruma ba\u011fl\u0131 106 ofis olaca\u011f\u0131na i\u015faret ederek D\u00fcnya Bar\u0131\u015f Ofisinin \u015eam \u00dcniversitesi \u00f6\u011frencilerine Rus Dili e\u011fitiminde daha aktif olma f\u0131rsat\u0131 tan\u0131yaca\u011f\u0131n\u0131 belirtti.<\/p>\n<p>F.B. &#8211; R.H.<\/p>\n","protected":false},"excerpt":{"rendered":"<p>\u015eAM \u2013 Rusyal\u0131 bir heyet bug\u00fcn\u00a0\u015eam \u00dcniversitesini ziyaret ederek Suriyeli \u00f6\u011frencilere Rus\u00e7a Dil E\u011fitimi verilmesi alan\u0131nda i\u015fbirli\u011fi olanaklar\u0131n\u0131 ve Rusya Bar\u0131\u015f Ofisinin a\u00e7\u0131l\u0131\u015f haz\u0131rl\u0131klar\u0131 inceledi. Rusyal\u0131 Heyet \u00fcyeleri \u015eam \u00dcniversitesi Rus\u00e7a Dil B\u00f6l\u00fcm\u00fc \u00f6\u011frencileri ve \u00f6\u011fretim \u00fcyeleriyle g\u00f6r\u00fc\u015fmelerde bulunurken Rusyal\u0131 Sinerji \u00dcniversitesi Y\u00f6netim Kurulu \u00dcyesi Vadim Lubov, Suriyeli \u00f6\u011frenciler i\u00e7in Moskova\u2019da bir dil e\u011fitim kursu &hellip;<\/p>\n","protected":false},"author":1,"featured_media":68226,"comment_status":"closed","ping_status":"closed","sticky":false,"template":"","format":"standard","meta":{"footnotes":""},"categories":[479,17988,478],"tags":[20406],"class_list":["post-68225","post","type-post","status-publish","format-standard","has-post-thumbnail","","category-haberler-yerel","category-son-haberler","category-yerel","tag-rusyali-heyet-sam-universitesini-ziyaret-etti"],"_links":{"self":[{"href":"https:\/\/archive.sana.sy\/tr\/index.php?rest_route=\/wp\/v2\/posts\/68225","targetHints":{"allow":["GET"]}}],"collection":[{"href":"https:\/\/archive.sana.sy\/tr\/index.php?rest_route=\/wp\/v2\/posts"}],"about":[{"href":"https:\/\/archive.sana.sy\/tr\/index.php?rest_route=\/wp\/v2\/types\/post"}],"author":[{"embeddable":true,"href":"https:\/\/archive.sana.sy\/tr\/index.php?rest_route=\/wp\/v2\/users\/1"}],"replies":[{"embeddable":true,"href":"https:\/\/archive.sana.sy\/tr\/index.php?rest_route=%2Fwp%2Fv2%2Fcomments&post=68225"}],"version-history":[{"count":0,"href":"https:\/\/archive.sana.sy\/tr\/index.php?rest_route=\/wp\/v2\/posts\/68225\/revisions"}],"wp:featuredmedia":[{"embeddable":true,"href":"https:\/\/archive.sana.sy\/tr\/index.php?rest_route=\/wp\/v2\/media\/68226"}],"wp:attachment":[{"href":"https:\/\/archive.sana.sy\/tr\/index.php?rest_route=%2Fwp%2Fv2%2Fmedia&parent=68225"}],"wp:term":[{"taxonomy":"category","embeddable":true,"href":"https:\/\/archive.sana.sy\/tr\/index.php?rest_route=%2Fwp%2Fv2%2Fcategories&post=68225"},{"taxonomy":"post_tag","embeddable":true,"href":"https:\/\/archive.sana.sy\/tr\/index.php?rest_route=%2Fwp%2Fv2%2Ftags&post=68225"}],"curies":[{"name":"wp","href":"https:\/\/api.w.org\/{rel}","templated":true}]}}