{"id":68228,"date":"2016-04-09T15:30:45","date_gmt":"2016-04-09T12:30:45","guid":{"rendered":"http:\/\/www.sana.sy\/tr\/?p=68228"},"modified":"2016-04-10T15:04:01","modified_gmt":"2016-04-10T12:04:01","slug":"oy-kullanarak-diren-kampanyasiyla-secimlere-katilim-cagrisi","status":"publish","type":"post","link":"https:\/\/archive.sana.sy\/tr\/?p=68228","title":{"rendered":"Oy Kullanarak Diren Kampanyas\u0131yla Se\u00e7imlere Kat\u0131l\u0131m \u00c7a\u011fr\u0131s\u0131\u2026"},"content":{"rendered":"<p>\u015eAM \u2013 Suriye Birle\u015ftirir Cemiyeti \u201cOy Kullanarak Diren\u201d \u015fiar\u0131yla ba\u015flatt\u0131\u011f\u0131 kampanyada b\u00fct\u00fcn Suriyelilere Halk Meclisi Se\u00e7imlerine aktif bir \u015fekilde kat\u0131lma \u00e7a\u011fr\u0131s\u0131 yap\u0131yor.<\/p>\n<p>Cemiyet yay\u0131nlad\u0131\u011f\u0131 ve bir n\u00fcshas\u0131 SANA\u2019ya ula\u015ft\u0131r\u0131lan beyanda ulusal iradenin ifade edilmesinde b\u00fct\u00fcn vatanda\u015flar\u0131n \u00e7abalar\u0131n\u0131 birle\u015ftirme ve i\u015fbirli\u011fi yapma gere\u011fine duyulan inan\u00e7la \u201cOy Kullanarak Diren\u201d kampanyas\u0131n\u0131n d\u00fczenlendi\u011fini dile getirdi.<\/p>\n<p>Ya\u015fad\u0131\u011f\u0131m\u0131z s\u00fcre\u00e7te gen\u00e7li\u011fini vatan savunmas\u0131nda \u00f6nemli bir misyonu bulundu\u011funa dikkat \u00e7ekilen beyanda, kahraman ordu birliklerimizin ter\u00f6re kar\u015f\u0131 askeri meydanlarda sa\u011flad\u0131klar\u0131 ba\u015far\u0131lar\u0131n, geni\u015f kitlelere ve yeni nesillere vatanseverlik bilinci verilmesiyle desteklenmesinin \u00f6nemi vurguland\u0131.<\/p>\n<p>F.B. &#8211; R.H.<\/p>\n","protected":false},"excerpt":{"rendered":"<p>\u015eAM \u2013 Suriye Birle\u015ftirir Cemiyeti \u201cOy Kullanarak Diren\u201d \u015fiar\u0131yla ba\u015flatt\u0131\u011f\u0131 kampanyada b\u00fct\u00fcn Suriyelilere Halk Meclisi Se\u00e7imlerine aktif bir \u015fekilde kat\u0131lma \u00e7a\u011fr\u0131s\u0131 yap\u0131yor. Cemiyet yay\u0131nlad\u0131\u011f\u0131 ve bir n\u00fcshas\u0131 SANA\u2019ya ula\u015ft\u0131r\u0131lan beyanda ulusal iradenin ifade edilmesinde b\u00fct\u00fcn vatanda\u015flar\u0131n \u00e7abalar\u0131n\u0131 birle\u015ftirme ve i\u015fbirli\u011fi yapma gere\u011fine duyulan inan\u00e7la \u201cOy Kullanarak Diren\u201d kampanyas\u0131n\u0131n d\u00fczenlendi\u011fini dile getirdi. Ya\u015fad\u0131\u011f\u0131m\u0131z s\u00fcre\u00e7te gen\u00e7li\u011fini vatan &hellip;<\/p>\n","protected":false},"author":1,"featured_media":65661,"comment_status":"closed","ping_status":"closed","sticky":false,"template":"","format":"standard","meta":{"footnotes":""},"categories":[479,17988,478],"tags":[20407],"class_list":["post-68228","post","type-post","status-publish","format-standard","has-post-thumbnail","","category-haberler-yerel","category-son-haberler","category-yerel","tag-oy-kullanarak-diren-kampanyasiyla-secimlere-katilim-cagrisi"],"_links":{"self":[{"href":"https:\/\/archive.sana.sy\/tr\/index.php?rest_route=\/wp\/v2\/posts\/68228","targetHints":{"allow":["GET"]}}],"collection":[{"href":"https:\/\/archive.sana.sy\/tr\/index.php?rest_route=\/wp\/v2\/posts"}],"about":[{"href":"https:\/\/archive.sana.sy\/tr\/index.php?rest_route=\/wp\/v2\/types\/post"}],"author":[{"embeddable":true,"href":"https:\/\/archive.sana.sy\/tr\/index.php?rest_route=\/wp\/v2\/users\/1"}],"replies":[{"embeddable":true,"href":"https:\/\/archive.sana.sy\/tr\/index.php?rest_route=%2Fwp%2Fv2%2Fcomments&post=68228"}],"version-history":[{"count":0,"href":"https:\/\/archive.sana.sy\/tr\/index.php?rest_route=\/wp\/v2\/posts\/68228\/revisions"}],"wp:featuredmedia":[{"embeddable":true,"href":"https:\/\/archive.sana.sy\/tr\/index.php?rest_route=\/wp\/v2\/media\/65661"}],"wp:attachment":[{"href":"https:\/\/archive.sana.sy\/tr\/index.php?rest_route=%2Fwp%2Fv2%2Fmedia&parent=68228"}],"wp:term":[{"taxonomy":"category","embeddable":true,"href":"https:\/\/archive.sana.sy\/tr\/index.php?rest_route=%2Fwp%2Fv2%2Fcategories&post=68228"},{"taxonomy":"post_tag","embeddable":true,"href":"https:\/\/archive.sana.sy\/tr\/index.php?rest_route=%2Fwp%2Fv2%2Ftags&post=68228"}],"curies":[{"name":"wp","href":"https:\/\/api.w.org\/{rel}","templated":true}]}}