{"id":68233,"date":"2016-04-10T10:10:39","date_gmt":"2016-04-10T07:10:39","guid":{"rendered":"http:\/\/www.sana.sy\/tr\/?p=68233"},"modified":"2016-04-10T13:45:33","modified_gmt":"2016-04-10T10:45:33","slug":"sanaya-konusan-askeri-bir-kaynak-hava-guclerimizin-homs-kirsalinin-dogusu-tedmurda-bati-kasr-el-hir-bolgesinin-civarinda-iside-ait-araclari-tasidiklari-terorist-ve-cephaneyl","status":"publish","type":"post","link":"https:\/\/archive.sana.sy\/tr\/?p=68233","title":{"rendered":"SANA\u2019ya konu\u015fan askeri bir kaynak hava g\u00fc\u00e7lerimizin Homs k\u0131rsal\u0131n\u0131n do\u011fusu Tedmur\u2019da Bat\u0131 Kasr el Hir B\u00f6lgesinin civar\u0131nda I\u015e\u0130D\u2019e ait ara\u00e7lar\u0131 ta\u015f\u0131d\u0131klar\u0131 ter\u00f6rist ve cephaneyle birlikte imha ettiklerini belirtti"},"content":{"rendered":"<p>SANA\u2019ya konu\u015fan askeri bir kaynak hava g\u00fc\u00e7lerimizin Homs k\u0131rsal\u0131n\u0131n do\u011fusu Tedmur\u2019da Bat\u0131 Kasr el Hir B\u00f6lgesinin civar\u0131nda I\u015e\u0130D\u2019e ait ara\u00e7lar\u0131 ta\u015f\u0131d\u0131klar\u0131 ter\u00f6rist ve cephaneyle birlikte imha ettiklerini belirtti<\/p>\n","protected":false},"excerpt":{"rendered":"<p>SANA\u2019ya konu\u015fan askeri bir kaynak hava g\u00fc\u00e7lerimizin Homs k\u0131rsal\u0131n\u0131n do\u011fusu Tedmur\u2019da Bat\u0131 Kasr el Hir B\u00f6lgesinin civar\u0131nda I\u015e\u0130D\u2019e ait ara\u00e7lar\u0131 ta\u015f\u0131d\u0131klar\u0131 ter\u00f6rist ve cephaneyle birlikte imha ettiklerini belirtti<\/p>\n","protected":false},"author":1,"featured_media":0,"comment_status":"closed","ping_status":"closed","sticky":false,"template":"","format":"standard","meta":{"footnotes":""},"categories":[17991],"tags":[],"class_list":["post-68233","post","type-post","status-publish","format-standard","","category-son-dakika"],"_links":{"self":[{"href":"https:\/\/archive.sana.sy\/tr\/index.php?rest_route=\/wp\/v2\/posts\/68233","targetHints":{"allow":["GET"]}}],"collection":[{"href":"https:\/\/archive.sana.sy\/tr\/index.php?rest_route=\/wp\/v2\/posts"}],"about":[{"href":"https:\/\/archive.sana.sy\/tr\/index.php?rest_route=\/wp\/v2\/types\/post"}],"author":[{"embeddable":true,"href":"https:\/\/archive.sana.sy\/tr\/index.php?rest_route=\/wp\/v2\/users\/1"}],"replies":[{"embeddable":true,"href":"https:\/\/archive.sana.sy\/tr\/index.php?rest_route=%2Fwp%2Fv2%2Fcomments&post=68233"}],"version-history":[{"count":0,"href":"https:\/\/archive.sana.sy\/tr\/index.php?rest_route=\/wp\/v2\/posts\/68233\/revisions"}],"wp:attachment":[{"href":"https:\/\/archive.sana.sy\/tr\/index.php?rest_route=%2Fwp%2Fv2%2Fmedia&parent=68233"}],"wp:term":[{"taxonomy":"category","embeddable":true,"href":"https:\/\/archive.sana.sy\/tr\/index.php?rest_route=%2Fwp%2Fv2%2Fcategories&post=68233"},{"taxonomy":"post_tag","embeddable":true,"href":"https:\/\/archive.sana.sy\/tr\/index.php?rest_route=%2Fwp%2Fv2%2Ftags&post=68233"}],"curies":[{"name":"wp","href":"https:\/\/api.w.org\/{rel}","templated":true}]}}