{"id":68235,"date":"2016-04-10T13:01:06","date_gmt":"2016-04-10T10:01:06","guid":{"rendered":"http:\/\/www.sana.sy\/tr\/?p=68235"},"modified":"2016-04-10T14:05:31","modified_gmt":"2016-04-10T11:05:31","slug":"askeri-bir-kaynak-sanaya-aciklamasinda-dera-beled-bolgesinin-mensiye-semtinde-israil-tarafindan-desteklenen-nusra-cephesinin-askeri-noktalara-saldirilarini-cokerterek-saldirganlarin-buyuk-co","status":"publish","type":"post","link":"https:\/\/archive.sana.sy\/tr\/?p=68235","title":{"rendered":"Askeri bir kaynak SANA\u2019ya a\u00e7\u0131klamas\u0131nda Dera Beled B\u00f6lgesinin Men\u015fiye Semtinde \u0130srail taraf\u0131ndan desteklenen Nusra Cephesinin askeri noktalara sald\u0131r\u0131lar\u0131n\u0131 \u00e7\u00f6kerterek, sald\u0131rganlar\u0131n b\u00fcy\u00fck \u00e7o\u011funlu\u011funu \u00f6l\u00fc yaral\u0131 d\u00fc\u015f\u00fcrd\u00fcklerini belirtti"},"content":{"rendered":"<p>Askeri bir kaynak SANA\u2019ya a\u00e7\u0131klamas\u0131nda Dera Beled B\u00f6lgesinin Men\u015fiye Semtinde \u0130srail taraf\u0131ndan desteklenen Nusra Cephesinin askeri noktalara sald\u0131r\u0131lar\u0131n\u0131 \u00e7\u00f6kerterek, sald\u0131rganlar\u0131n b\u00fcy\u00fck \u00e7o\u011funlu\u011funu \u00f6l\u00fc yaral\u0131 d\u00fc\u015f\u00fcrd\u00fcklerini belirtti<\/p>\n","protected":false},"excerpt":{"rendered":"<p>Askeri bir kaynak SANA\u2019ya a\u00e7\u0131klamas\u0131nda Dera Beled B\u00f6lgesinin Men\u015fiye Semtinde \u0130srail taraf\u0131ndan desteklenen Nusra Cephesinin askeri noktalara sald\u0131r\u0131lar\u0131n\u0131 \u00e7\u00f6kerterek, sald\u0131rganlar\u0131n b\u00fcy\u00fck \u00e7o\u011funlu\u011funu \u00f6l\u00fc yaral\u0131 d\u00fc\u015f\u00fcrd\u00fcklerini belirtti<\/p>\n","protected":false},"author":1,"featured_media":0,"comment_status":"closed","ping_status":"closed","sticky":false,"template":"","format":"standard","meta":{"footnotes":""},"categories":[17991],"tags":[],"class_list":["post-68235","post","type-post","status-publish","format-standard","","category-son-dakika"],"_links":{"self":[{"href":"https:\/\/archive.sana.sy\/tr\/index.php?rest_route=\/wp\/v2\/posts\/68235","targetHints":{"allow":["GET"]}}],"collection":[{"href":"https:\/\/archive.sana.sy\/tr\/index.php?rest_route=\/wp\/v2\/posts"}],"about":[{"href":"https:\/\/archive.sana.sy\/tr\/index.php?rest_route=\/wp\/v2\/types\/post"}],"author":[{"embeddable":true,"href":"https:\/\/archive.sana.sy\/tr\/index.php?rest_route=\/wp\/v2\/users\/1"}],"replies":[{"embeddable":true,"href":"https:\/\/archive.sana.sy\/tr\/index.php?rest_route=%2Fwp%2Fv2%2Fcomments&post=68235"}],"version-history":[{"count":0,"href":"https:\/\/archive.sana.sy\/tr\/index.php?rest_route=\/wp\/v2\/posts\/68235\/revisions"}],"wp:attachment":[{"href":"https:\/\/archive.sana.sy\/tr\/index.php?rest_route=%2Fwp%2Fv2%2Fmedia&parent=68235"}],"wp:term":[{"taxonomy":"category","embeddable":true,"href":"https:\/\/archive.sana.sy\/tr\/index.php?rest_route=%2Fwp%2Fv2%2Fcategories&post=68235"},{"taxonomy":"post_tag","embeddable":true,"href":"https:\/\/archive.sana.sy\/tr\/index.php?rest_route=%2Fwp%2Fv2%2Ftags&post=68235"}],"curies":[{"name":"wp","href":"https:\/\/api.w.org\/{rel}","templated":true}]}}