{"id":6824,"date":"2014-08-09T18:00:59","date_gmt":"2014-08-09T15:00:59","guid":{"rendered":"http:\/\/www.sana.sy\/tr\/?p=6824"},"modified":"2014-08-10T09:10:07","modified_gmt":"2014-08-10T06:10:07","slug":"israilin-gazzeye-saldirilarindaki-kayip-bilancosu-yukseliyor-68-olu-1630-yarali","status":"publish","type":"post","link":"https:\/\/archive.sana.sy\/tr\/?p=6824","title":{"rendered":"\u0130srail\u2019in Gazze\u2019ye Sald\u0131r\u0131lar\u0131ndaki Kay\u0131p Bilan\u00e7osu Y\u00fckseliyor: 68 \u00d6l\u00fc 1630 Yaral\u0131"},"content":{"rendered":"<p>GAZZE &#8211; \u0130\u015fgalci \u0130srail g\u00fc\u00e7lerinin Gazze Kesiminin muhtelif b\u00f6lgelerini hedef alan bombard\u0131manlar\u0131 sonucunda 4 Filistinli \u015fehit d\u00fc\u015ft\u00fc onlarca ki\u015fi de yaraland\u0131.<\/p>\n<p>Filistinli Vefa haber ve bilgi ajans\u0131, \u0130\u015fgalci \u0130srail u\u00e7aklar\u0131n\u0131n Han Yunus Karara Do\u011fusunda bir grup Filistinliyi hedef almas\u0131 sonucunda 3 Filistinlinin \u015fehit d\u00fc\u015ft\u00fc\u011f\u00fcn\u00fc 4\u2019\u00fc a\u011f\u0131r 6 Filistinlinin yaralanmas\u0131na yol a\u00e7t\u0131\u011f\u0131n\u0131, \u015fehit ve yaral\u0131lar\u0131n ise hastaneye kald\u0131r\u0131ld\u0131\u011f\u0131n\u0131 s\u00f6yledi.<\/p>\n<p>Kesimin g\u00fcneyindeki Rafah kentinde ise i\u015fgalci \u0130srail u\u00e7aklar\u0131n\u0131n bombard\u0131manlar\u0131 sonucunda 1 Filistinli \u015fehit d\u00fc\u015ft\u00fc 4 ki\u015fide yaraland\u0131.<\/p>\n<p>Filistinlilerin evlerini hedef alan bir dizi \u0130srail i\u015fgal u\u00e7aklar\u0131n\u0131n bombard\u0131man\u0131 sonucunda da 7 Filistinli yaraland\u0131.<\/p>\n<p>Gazze Kesiminin kuzeyindeki \u015eeyh R\u0131dvan mahallesinde bir mescidi hedef alan bombard\u0131man sonucunda da Filistinli bir \u00e7ocuk \u015fehit d\u00fc\u015ft\u00fc 9 ki\u015fi de yaraland\u0131.<\/p>\n<p>\u00d6te yandan \u0130\u015fgalci \u0130srail\u2019in inat\u00e7\u0131 tutumuna y\u00f6nelik olarak Filistin direni\u015fi i\u015fgalci \u0130srail sald\u0131r\u0131lar\u0131na cevap olarak A\u015fkul ve Netif yerle\u015fim birimlerini 5 Katyu\u015fa, Askalan\u2019\u0131 da 5 Grad f\u00fczesiyle hedef ald\u0131\u011f\u0131n\u0131 ilan etti.<\/p>\n<p>Filistin Kurtulu\u015f Halk Cephesi B\u00f6lgesel Komutanl\u0131\u011f\u0131na ba\u011fl\u0131 \u015eehit Cihat Cibril Tugaylar\u0131 yay\u0131nlad\u0131\u011f\u0131 beyanda, top\u00e7u birliklerinin Asnad Sofa mevkiini 2 adet 107 Grad f\u00fczesiyle vurdu\u011funu a\u00e7\u0131klad\u0131.<\/p>\n<p>\u00d6te yandan \u0130srailli Haarts gazetesi, \u0130srail sald\u0131r\u0131lar\u0131n\u0131n Gazze Kesimine y\u00f6nelik ba\u015flamas\u0131ndan bu yana yaralan \u0130srailli askerlerin say\u0131s\u0131n\u0131 1630 olarak verirken bu say\u0131 ge\u00e7en Cuma g\u00fcn\u00fcne kadar 1357 oldu\u011funa dikkat \u00e7ekerken 64 askerin yan\u0131 s\u0131ra 4 yerle\u015fimcinin de \u00f6ld\u00fc\u011f\u00fcn\u00fc itiraf etti.<\/p>\n<p>\u0130srail\u2019in Gazze Kesimine y\u00f6nelik vah\u015fi sald\u0131r\u0131lar\u0131 \u015fimdiye kadar 1881 Filistinlinin \u015fehit d\u00fc\u015fmesi 9470\u2019ten fazla ki\u015finin de yaralanmas\u0131na neden oldu.<\/p>\n","protected":false},"excerpt":{"rendered":"<p>GAZZE &#8211; \u0130\u015fgalci \u0130srail g\u00fc\u00e7lerinin Gazze Kesiminin muhtelif b\u00f6lgelerini hedef alan bombard\u0131manlar\u0131 sonucunda 4 Filistinli \u015fehit d\u00fc\u015ft\u00fc onlarca ki\u015fi de yaraland\u0131. Filistinli Vefa haber ve bilgi ajans\u0131, \u0130\u015fgalci \u0130srail u\u00e7aklar\u0131n\u0131n Han Yunus Karara Do\u011fusunda bir grup Filistinliyi hedef almas\u0131 sonucunda 3 Filistinlinin \u015fehit d\u00fc\u015ft\u00fc\u011f\u00fcn\u00fc 4\u2019\u00fc a\u011f\u0131r 6 Filistinlinin yaralanmas\u0131na yol a\u00e7t\u0131\u011f\u0131n\u0131, \u015fehit ve yaral\u0131lar\u0131n ise &hellip;<\/p>\n","protected":false},"author":1,"featured_media":6826,"comment_status":"closed","ping_status":"closed","sticky":false,"template":"","format":"standard","meta":{"footnotes":""},"categories":[458,459,447],"tags":[1526],"class_list":["post-6824","post","type-post","status-publish","format-standard","has-post-thumbnail","","category-dunya1","category-haberler-arap-uluslararasi-politika","category-politika","tag-israilin-gazzeye-saldirilarindaki-kayip-bilancosu-yukseliyor-68-olu-1630-yarali"],"_links":{"self":[{"href":"https:\/\/archive.sana.sy\/tr\/index.php?rest_route=\/wp\/v2\/posts\/6824","targetHints":{"allow":["GET"]}}],"collection":[{"href":"https:\/\/archive.sana.sy\/tr\/index.php?rest_route=\/wp\/v2\/posts"}],"about":[{"href":"https:\/\/archive.sana.sy\/tr\/index.php?rest_route=\/wp\/v2\/types\/post"}],"author":[{"embeddable":true,"href":"https:\/\/archive.sana.sy\/tr\/index.php?rest_route=\/wp\/v2\/users\/1"}],"replies":[{"embeddable":true,"href":"https:\/\/archive.sana.sy\/tr\/index.php?rest_route=%2Fwp%2Fv2%2Fcomments&post=6824"}],"version-history":[{"count":0,"href":"https:\/\/archive.sana.sy\/tr\/index.php?rest_route=\/wp\/v2\/posts\/6824\/revisions"}],"wp:featuredmedia":[{"embeddable":true,"href":"https:\/\/archive.sana.sy\/tr\/index.php?rest_route=\/wp\/v2\/media\/6826"}],"wp:attachment":[{"href":"https:\/\/archive.sana.sy\/tr\/index.php?rest_route=%2Fwp%2Fv2%2Fmedia&parent=6824"}],"wp:term":[{"taxonomy":"category","embeddable":true,"href":"https:\/\/archive.sana.sy\/tr\/index.php?rest_route=%2Fwp%2Fv2%2Fcategories&post=6824"},{"taxonomy":"post_tag","embeddable":true,"href":"https:\/\/archive.sana.sy\/tr\/index.php?rest_route=%2Fwp%2Fv2%2Ftags&post=6824"}],"curies":[{"name":"wp","href":"https:\/\/api.w.org\/{rel}","templated":true}]}}