{"id":68242,"date":"2016-04-10T10:30:33","date_gmt":"2016-04-10T07:30:33","guid":{"rendered":"http:\/\/www.sana.sy\/tr\/?p=68242"},"modified":"2016-04-11T09:54:27","modified_gmt":"2016-04-11T06:54:27","slug":"suriye-halkina-dayatma-kabul-edilemez","status":"publish","type":"post","link":"https:\/\/archive.sana.sy\/tr\/?p=68242","title":{"rendered":"Suriye Halk\u0131na Dayatma Kabul Edilemez"},"content":{"rendered":"<p>TAHRAN \u2013 \u0130ran \u0130slam devrimi liderinin uluslar aras\u0131 ili\u015fkiler dan\u0131\u015fman\u0131 Ali Ekber Velayeti, \u0130ran\u2019\u0131n, maruz kald\u0131\u011f\u0131 ter\u00f6r sava\u015f\u0131na kar\u015f\u0131 m\u00fccadele eden Suriye halk\u0131na deste\u011fini s\u00fcrd\u00fcrece\u011fini belirtti.<\/p>\n<p>Velayeti \u0130ran televizyonu ile m\u00fclakat\u0131nda; Suriye&#8217;deki krizin siyasi \u00e7\u00f6z\u00fcm\u00fcn\u00fc ama\u00e7layan diyalog g\u00f6r\u00fc\u015fmelerinde Suriye halk\u0131na herhangi bir dayatman\u0131n yap\u0131lmas\u0131n\u0131n \u0130ran taraf\u0131ndan kabul edilemez oldu\u011funu s\u00f6yledi.<\/p>\n<p>ABD ile \u0130ran aras\u0131ndaki ili\u015fkilerin de\u011fi\u015fmedi\u011fini belirten Velayeti; Amerikal\u0131lara g\u00fcvenin m\u00fcmk\u00fcn olmad\u0131\u011f\u0131n\u0131 ifade etti.<\/p>\n<p>Velayeti b\u00f6lgede tekfirci ter\u00f6r\u00fc destekleyen devletleri ele\u015ftirirken; bu taraflar\u0131n \u0130slam dinini \u00e7arp\u0131t\u0131p tekfirci ter\u00f6r estirdiklerini s\u00f6yledi.<\/p>\n","protected":false},"excerpt":{"rendered":"<p>TAHRAN \u2013 \u0130ran \u0130slam devrimi liderinin uluslar aras\u0131 ili\u015fkiler dan\u0131\u015fman\u0131 Ali Ekber Velayeti, \u0130ran\u2019\u0131n, maruz kald\u0131\u011f\u0131 ter\u00f6r sava\u015f\u0131na kar\u015f\u0131 m\u00fccadele eden Suriye halk\u0131na deste\u011fini s\u00fcrd\u00fcrece\u011fini belirtti. Velayeti \u0130ran televizyonu ile m\u00fclakat\u0131nda; Suriye&#8217;deki krizin siyasi \u00e7\u00f6z\u00fcm\u00fcn\u00fc ama\u00e7layan diyalog g\u00f6r\u00fc\u015fmelerinde Suriye halk\u0131na herhangi bir dayatman\u0131n yap\u0131lmas\u0131n\u0131n \u0130ran taraf\u0131ndan kabul edilemez oldu\u011funu s\u00f6yledi. ABD ile \u0130ran aras\u0131ndaki ili\u015fkilerin &hellip;<\/p>\n","protected":false},"author":1,"featured_media":68246,"comment_status":"closed","ping_status":"closed","sticky":false,"template":"","format":"standard","meta":{"footnotes":""},"categories":[458,459,17988],"tags":[20416,20415,20414],"class_list":["post-68242","post","type-post","status-publish","format-standard","has-post-thumbnail","","category-dunya1","category-haberler-arap-uluslararasi-politika","category-son-haberler","tag-ali-ekber-velayeti","tag-iran-islam-devrimi-liderinin-uluslar-arasi-iliskiler-danismani","tag-suriye-halkina-dayatma-kabul-edilemez"],"_links":{"self":[{"href":"https:\/\/archive.sana.sy\/tr\/index.php?rest_route=\/wp\/v2\/posts\/68242","targetHints":{"allow":["GET"]}}],"collection":[{"href":"https:\/\/archive.sana.sy\/tr\/index.php?rest_route=\/wp\/v2\/posts"}],"about":[{"href":"https:\/\/archive.sana.sy\/tr\/index.php?rest_route=\/wp\/v2\/types\/post"}],"author":[{"embeddable":true,"href":"https:\/\/archive.sana.sy\/tr\/index.php?rest_route=\/wp\/v2\/users\/1"}],"replies":[{"embeddable":true,"href":"https:\/\/archive.sana.sy\/tr\/index.php?rest_route=%2Fwp%2Fv2%2Fcomments&post=68242"}],"version-history":[{"count":0,"href":"https:\/\/archive.sana.sy\/tr\/index.php?rest_route=\/wp\/v2\/posts\/68242\/revisions"}],"wp:featuredmedia":[{"embeddable":true,"href":"https:\/\/archive.sana.sy\/tr\/index.php?rest_route=\/wp\/v2\/media\/68246"}],"wp:attachment":[{"href":"https:\/\/archive.sana.sy\/tr\/index.php?rest_route=%2Fwp%2Fv2%2Fmedia&parent=68242"}],"wp:term":[{"taxonomy":"category","embeddable":true,"href":"https:\/\/archive.sana.sy\/tr\/index.php?rest_route=%2Fwp%2Fv2%2Fcategories&post=68242"},{"taxonomy":"post_tag","embeddable":true,"href":"https:\/\/archive.sana.sy\/tr\/index.php?rest_route=%2Fwp%2Fv2%2Ftags&post=68242"}],"curies":[{"name":"wp","href":"https:\/\/api.w.org\/{rel}","templated":true}]}}