{"id":68269,"date":"2016-04-10T19:11:27","date_gmt":"2016-04-10T16:11:27","guid":{"rendered":"http:\/\/sana.sy\/tr\/?p=68269"},"modified":"2016-04-11T17:02:44","modified_gmt":"2016-04-11T14:02:44","slug":"isid-ve-nusra-ceteleri-araclariyla-imha-ediliyor","status":"publish","type":"post","link":"https:\/\/archive.sana.sy\/tr\/?p=68269","title":{"rendered":"I\u015e\u0130D ve Nusra \u00c7eteleri Ara\u00e7lar\u0131yla \u0130mha Ediliyor(video)"},"content":{"rendered":"<p>\u0130LLER \u2013 Vatan koruyucular\u0131m\u0131z bir\u00e7ok b\u00f6lgede T\u00fcrkiye rejimi ba\u015fta olmak \u00fczere kimi taraflar\u0131n destekleyip y\u00f6nlendirdikleri ter\u00f6r \u00f6rg\u00fctlere kar\u015f\u0131 operasyonlar\u0131n\u0131 ba\u015far\u0131yla s\u00fcrd\u00fcr\u00fcp, askeri noktalara sald\u0131r\u0131lar\u0131n\u0131 \u00e7\u00f6kertirlerken onlarcas\u0131n\u0131 ara\u00e7 ve cephaneleriyle imha etti.<\/p>\n<p><span style=\"color: #0000ff\">HOMS:<\/span><\/p>\n<p>SANA\u2019ya konu\u015fan askeri bir kaynak hava g\u00fc\u00e7lerimizin Homs k\u0131rsal\u0131n\u0131n do\u011fusu Tedmur\u2019da Bat\u0131 Kasr el Hir B\u00f6lgesinin civar\u0131nda I\u015e\u0130D\u2019e ait ara\u00e7lar\u0131 ta\u015f\u0131d\u0131klar\u0131 ter\u00f6rist ve cephaneyle birlikte imha ettiklerini belirtti.<\/p>\n<p><span style=\"color: #0000ff\">HALEP:<\/span><\/p>\n<p>Askeri kaynak SANA\u2019ya a\u00e7\u0131klamas\u0131nda; ordu birliklerimizin Halep Kenti Gen\u00e7lik Konutlar\u0131, Kerm el Cezmati ve Beni Zeyd semtlerinde katil Erdo\u011fan rejiminin destekledi\u011fi Nusra Cephesine tabi komuta karargahlar\u0131 ve mevkilerini imha ettiklerini ifade etti.<\/p>\n<p>Kaynak; ordu birliklerimizin son birka\u00e7 saat i\u00e7inde Halep k\u0131rsal\u0131n\u0131n kuzeyi Handerat Kamp\u0131 ve \u015eakif mezralar\u0131nda Nusra Cephesinin siper ve destek hatlar\u0131na y\u00f6nelik ger\u00e7ekle\u015ftirdikleri nitelikli operasyonlar\u0131nda bir k\u0131sm\u0131 a\u011f\u0131r silahlarla donat\u0131lm\u0131\u015f, bir k\u0131sm\u0131 da ter\u00f6rist ve cephane ta\u015f\u0131yan ara\u00e7lar\u0131n\u0131 y\u00fckleriyle birlikte imha ettiklerini belirtti.<\/p>\n<p>Halep k\u0131rsal\u0131n\u0131n g\u00fcneyinde de ordu birliklerimizin Nusra Cephesi ve di\u011fer ter\u00f6r \u00f6rg\u00fctlere kar\u015f\u0131 askeri operasyonlar\u0131n\u0131 s\u00fcrd\u00fcrd\u00fcklerini beyan eden kaynak; Han Toman Beldesinin bat\u0131s\u0131na ilaveten Han el Eys ve Bavvabiye k\u00f6ylerinde tekfircilerin saflar\u0131nda a\u011f\u0131r kay\u0131plara yol a\u00e7t\u0131klar\u0131n\u0131 s\u00f6yledi.<\/p>\n<p>Bu arada saha kaynaklar\u0131; ordu birliklerimizin destek\u00e7i g\u00fc\u00e7lerle i\u015fbirli\u011fi i\u00e7inde Halep k\u0131rsal\u0131n\u0131n g\u00fcneyi Zeytan Beldesinin civar\u0131 ve Zerbe K\u00f6y\u00fcndeki askeri noktalara sald\u0131rmaya \u00e7al\u0131\u015fan Nusra Cephesine tabi ter\u00f6r gruplarla \u015fiddetli \u00e7at\u0131\u015fmalara girdiklerini aktard\u0131. Kaynak; \u00e7at\u0131\u015fmalarda sald\u0131r\u0131 \u00e7\u00f6kertilirken tekfircilere ait 1 tank ve a\u011f\u0131r makineli silahla donat\u0131lm\u0131\u015f bir arac\u0131n yan\u0131 s\u0131ra siper ve barikat kurmada kullan\u0131lan bir dozerin tamam\u0131yla imha edildi\u011fine dikkat \u00e7ekti.<\/p>\n<p>\u0130l k\u0131rsal\u0131n\u0131n g\u00fcneyinde de ordu birliklerimizin Barne K\u00f6y\u00fcnde Nusra Cephesine tabi ter\u00f6r \u00e7etelerinin askeri bir noktaya s\u0131zma giri\u015fimlerini \u00e7\u00f6kerttiklerini s\u00f6yleyen kaynak; k\u00f6y \u00e7evresinde hedefine ula\u015fmadan \u00f6nce b\u00fcy\u00fck miktarda patlay\u0131c\u0131 ile haz\u0131rlanm\u0131\u015f BMB tipi bombal\u0131 bir araca ilaveten bir tank\u0131 tamamen imha ettiklerini aktard\u0131.<\/p>\n<p>Kaynak Halep k\u0131rsal\u0131n\u0131n do\u011fusunda da I\u015e\u0130D\u2019in toplanma yerleri ve mevkilerini yo\u011fun ate\u015fe tutan ordu birliklerimizin; \u00e7ok say\u0131da ter\u00f6risti \u00f6l\u00fc ve yaral\u0131 d\u00fc\u015f\u00fcr\u00fcp bir k\u0131sm\u0131 a\u011f\u0131r makineli silahlarla donat\u0131lm\u0131\u015f ara\u00e7lar\u0131n\u0131n yan\u0131 s\u0131ra silah ve m\u00fchimmatlar\u0131n\u0131 yok ettiklerini s\u00f6zlerine ekledi.<\/p>\n<p>Di\u011fer yandan ter\u00f6r \u00e7eteleri medya ara\u00e7lar\u0131nda aralar\u0131nda tehlikeli isimlerin bulundu\u011fu bir\u00e7ok ter\u00f6ristin \u00f6ld\u00fcr\u00fcld\u00fc\u011f\u00fcn\u00fc itiraf etti.<\/p>\n<p>https:\/\/youtu.be\/9NM5SFAYuhg<\/p>\n<p><span style=\"color: #0000ff\">DERA:<\/span><\/p>\n<p>Bu arada askeri kaynak; Dera Beled B\u00f6lgesinin Men\u015fiye Semtinde \u0130srail taraf\u0131ndan desteklenen Nusra Cephesinin askeri noktalara sald\u0131r\u0131lar\u0131n\u0131 \u00e7\u00f6kerterek, sald\u0131rganlar\u0131n b\u00fcy\u00fck \u00e7o\u011funlu\u011funu \u00f6l\u00fc yaral\u0131 d\u00fc\u015f\u00fcrd\u00fcklerini belirtti.<\/p>\n<p>R.H.<\/p>\n","protected":false},"excerpt":{"rendered":"<p>\u0130LLER \u2013 Vatan koruyucular\u0131m\u0131z bir\u00e7ok b\u00f6lgede T\u00fcrkiye rejimi ba\u015fta olmak \u00fczere kimi taraflar\u0131n destekleyip y\u00f6nlendirdikleri ter\u00f6r \u00f6rg\u00fctlere kar\u015f\u0131 operasyonlar\u0131n\u0131 ba\u015far\u0131yla s\u00fcrd\u00fcr\u00fcp, askeri noktalara sald\u0131r\u0131lar\u0131n\u0131 \u00e7\u00f6kertirlerken onlarcas\u0131n\u0131 ara\u00e7 ve cephaneleriyle imha etti. HOMS: SANA\u2019ya konu\u015fan askeri bir kaynak hava g\u00fc\u00e7lerimizin Homs k\u0131rsal\u0131n\u0131n do\u011fusu Tedmur\u2019da Bat\u0131 Kasr el Hir B\u00f6lgesinin civar\u0131nda I\u015e\u0130D\u2019e ait ara\u00e7lar\u0131 ta\u015f\u0131d\u0131klar\u0131 ter\u00f6rist ve &hellip;<\/p>\n","protected":false},"author":1,"featured_media":68272,"comment_status":"closed","ping_status":"closed","sticky":false,"template":"","format":"standard","meta":{"footnotes":""},"categories":[575],"tags":[],"class_list":["post-68269","post","type-post","status-publish","format-standard","has-post-thumbnail","","category-olaylar-ve-gercekler"],"_links":{"self":[{"href":"https:\/\/archive.sana.sy\/tr\/index.php?rest_route=\/wp\/v2\/posts\/68269","targetHints":{"allow":["GET"]}}],"collection":[{"href":"https:\/\/archive.sana.sy\/tr\/index.php?rest_route=\/wp\/v2\/posts"}],"about":[{"href":"https:\/\/archive.sana.sy\/tr\/index.php?rest_route=\/wp\/v2\/types\/post"}],"author":[{"embeddable":true,"href":"https:\/\/archive.sana.sy\/tr\/index.php?rest_route=\/wp\/v2\/users\/1"}],"replies":[{"embeddable":true,"href":"https:\/\/archive.sana.sy\/tr\/index.php?rest_route=%2Fwp%2Fv2%2Fcomments&post=68269"}],"version-history":[{"count":0,"href":"https:\/\/archive.sana.sy\/tr\/index.php?rest_route=\/wp\/v2\/posts\/68269\/revisions"}],"wp:featuredmedia":[{"embeddable":true,"href":"https:\/\/archive.sana.sy\/tr\/index.php?rest_route=\/wp\/v2\/media\/68272"}],"wp:attachment":[{"href":"https:\/\/archive.sana.sy\/tr\/index.php?rest_route=%2Fwp%2Fv2%2Fmedia&parent=68269"}],"wp:term":[{"taxonomy":"category","embeddable":true,"href":"https:\/\/archive.sana.sy\/tr\/index.php?rest_route=%2Fwp%2Fv2%2Fcategories&post=68269"},{"taxonomy":"post_tag","embeddable":true,"href":"https:\/\/archive.sana.sy\/tr\/index.php?rest_route=%2Fwp%2Fv2%2Ftags&post=68269"}],"curies":[{"name":"wp","href":"https:\/\/api.w.org\/{rel}","templated":true}]}}