{"id":6827,"date":"2014-08-09T18:30:13","date_gmt":"2014-08-09T15:30:13","guid":{"rendered":"http:\/\/www.sana.sy\/tr\/?p=6827"},"modified":"2014-08-10T10:30:00","modified_gmt":"2014-08-10T07:30:00","slug":"teroristler-sivilleri-hedef-almaya-devam-ediyor-5-yarali","status":"publish","type":"post","link":"https:\/\/archive.sana.sy\/tr\/?p=6827","title":{"rendered":"Ter\u00f6ristler Sivilleri Hedef Alarak Can Almaya Devam Etti: Bilan\u00e7o 8 \u015fehit 11 Yaral\u0131"},"content":{"rendered":"<p>\u0130LLER\u00a0\u2013 Hain ve gaddar ter\u00f6ristlerin d\u00fcn gece Haseke Tel Hacer Semtine 2 havan mermisi f\u0131rlatmalar\u0131 sonucunda aralar\u0131nda 2 k\u0131z \u00e7ocu\u011funun bulundu\u011fu 5 vatanda\u015f yaraland\u0131.<\/p>\n<p>Vatan Hastanesinde sa\u011fl\u0131k kayna\u011f\u0131 SANA\u2019ya a\u00e7\u0131klamas\u0131nda, hastaneye kald\u0131r\u0131lan yaral\u0131 vatanda\u015flar\u0131n yaralar\u0131n\u0131n orta dereceli oldu\u011funu ve bu yaralar\u0131n \u015farapnel par\u00e7alar\u0131ndan kaynakland\u0131\u011f\u0131n\u0131 belirtti.<\/p>\n<p>Kaynak, yaral\u0131lar\u0131n Hastanede tedavi g\u00f6rd\u00fcklerine dikkat \u00e7ekti.<\/p>\n<p><span style=\"color: #0000ff\">Anne ve \u0130ki \u00c7ocu\u011fu Yaraland\u0131<\/span><\/p>\n<p>\u015eam \u00c7evre Kent Emniyet M\u00fcd\u00fcrl\u00fc\u011f\u00fcnde bir kaynak ise ter\u00f6ristlerin \u015eam k\u0131rsal\u0131 Ktayfa Kasabas\u0131n\u0131 f\u00fczeyle hedef almalar\u0131 sonucunda bir anne ve biri hen\u00fcz 3 ya\u015f\u0131n\u0131 doldurmam\u0131\u015f 2 \u00e7ocu\u011funun yan\u0131 s\u0131ra 13 ya\u015flar\u0131nda bir ba\u015fka \u00e7ocu\u011fun yaraland\u0131klar\u0131n\u0131 belirtti.<\/p>\n<p>Kaynak hain sald\u0131r\u0131da vatanda\u015flara ait evlerin hasara u\u011frad\u0131\u011f\u0131n\u0131 ekledi.<\/p>\n<p><span style=\"color: #0000ff\">Haseke&#8217;de Ter\u00f6r Patlamas\u0131 1 \u015eehit 3 Yaral\u0131<\/span><\/p>\n<p>\u00d6te yandan Haseke Valili\u011finden\u00a0bir kaynak SANA muhabirine a\u00e7\u0131klamas\u0131nda, tekfirci ve gaddar ter\u00f6ristlerin Kam\u0131\u015fl\u0131 k\u0131rsal\u0131 Kahtaniye yolu \u00fczerine d\u00fc\u015fen Cemaya K\u00f6y\u00fcn\u00fcn koyun pazar\u0131nda bir bisiklete yerle\u015ftirdikleri bomba d\u00fczene\u011fini havaya u\u00e7urduklar\u0131n\u0131 belirtti.<\/p>\n<p>Kaynak hain bombal\u0131 eylemde 12 ya\u015flar\u0131nda bir k\u0131z \u00e7ocu\u011funun \u015fehit d\u00fc\u015ft\u00fc\u011f\u00fcn\u00fc, 6 vatanda\u015f\u0131n da yaraland\u0131\u011f\u0131n\u0131 aktard\u0131.<\/p>\n<p><span style=\"color: #0000ff\">Bombal\u0131 Eylemde 7 \u015eehit<\/span><\/p>\n<p>Bu arada Deyrezzor Valili\u011finde bir kaynak; \u2018Irak ve \u015eam \u0130slami Devleti\u2019 olarak bilinen tekfirci ter\u00f6r olu\u015fumuna tabi \u2018Ebu M\u00fccahit el Cezravi\u2019 kod adl\u0131 intihar eylemcisi bir ter\u00f6ristin bug\u00fcn Deyrezzor k\u0131rsal\u0131n\u0131n \u011eranic Beldesi giri\u015finde bombal\u0131 bir ara\u00e7la gaddar bir eylem d\u00fczenledi\u011fini belirtti.<\/p>\n<p>Kaynak gaddar ter\u00f6r eyleminde 7 vatanda\u015f\u0131n \u015fehit, 3 vatanda\u015f\u0131n da yaral\u0131 d\u00fc\u015ft\u00fc\u011f\u00fcn\u00fc aktar\u0131rken, olay yerinde maddi hasarlar\u0131n olu\u015ftu\u011funu s\u00f6zlerine ekledi.<\/p>\n<p><span style=\"color: #0000ff\">Deyrezzor\u2019da Ter\u00f6r Sald\u0131r\u0131lar\u0131 7 Vatanda\u015f\u0131 \u015eehit D\u00fc\u015f\u00fcrd\u00fc<\/span><\/p>\n<p>Deyrezzor Valili\u011finde\u00a0bir kaynak SANA muhabirine a\u00e7\u0131klamas\u0131nda, Deyrezzor do\u011fu k\u0131rsal\u0131 Granic Beldesinde bir intihar eylemcisinin s\u00fcrd\u00fc\u011f\u00fc bomba y\u00fckl\u00fc bir arac\u0131n patlat\u0131lmas\u0131yla meydana gelen ter\u00f6r sald\u0131r\u0131s\u0131 sonucunda 7 vatanda\u015f\u0131n \u015fehit d\u00fc\u015ft\u00fc\u011f\u00fcn\u00fc 3 ki\u015finin de yaraland\u0131\u011f\u0131n\u0131 belirtti.<\/p>\n","protected":false},"excerpt":{"rendered":"<p>\u0130LLER\u00a0\u2013 Hain ve gaddar ter\u00f6ristlerin d\u00fcn gece Haseke Tel Hacer Semtine 2 havan mermisi f\u0131rlatmalar\u0131 sonucunda aralar\u0131nda 2 k\u0131z \u00e7ocu\u011funun bulundu\u011fu 5 vatanda\u015f yaraland\u0131. Vatan Hastanesinde sa\u011fl\u0131k kayna\u011f\u0131 SANA\u2019ya a\u00e7\u0131klamas\u0131nda, hastaneye kald\u0131r\u0131lan yaral\u0131 vatanda\u015flar\u0131n yaralar\u0131n\u0131n orta dereceli oldu\u011funu ve bu yaralar\u0131n \u015farapnel par\u00e7alar\u0131ndan kaynakland\u0131\u011f\u0131n\u0131 belirtti. Kaynak, yaral\u0131lar\u0131n Hastanede tedavi g\u00f6rd\u00fcklerine dikkat \u00e7ekti. Anne ve \u0130ki &hellip;<\/p>\n","protected":false},"author":1,"featured_media":6702,"comment_status":"closed","ping_status":"closed","sticky":false,"template":"","format":"standard","meta":{"footnotes":""},"categories":[575],"tags":[1528],"class_list":["post-6827","post","type-post","status-publish","format-standard","has-post-thumbnail","","category-olaylar-ve-gercekler","tag-teroristler-sivilleri-hedef-almaya-devam-ediyor-1-kiz-cocugu-sehit-8-yarali"],"_links":{"self":[{"href":"https:\/\/archive.sana.sy\/tr\/index.php?rest_route=\/wp\/v2\/posts\/6827","targetHints":{"allow":["GET"]}}],"collection":[{"href":"https:\/\/archive.sana.sy\/tr\/index.php?rest_route=\/wp\/v2\/posts"}],"about":[{"href":"https:\/\/archive.sana.sy\/tr\/index.php?rest_route=\/wp\/v2\/types\/post"}],"author":[{"embeddable":true,"href":"https:\/\/archive.sana.sy\/tr\/index.php?rest_route=\/wp\/v2\/users\/1"}],"replies":[{"embeddable":true,"href":"https:\/\/archive.sana.sy\/tr\/index.php?rest_route=%2Fwp%2Fv2%2Fcomments&post=6827"}],"version-history":[{"count":0,"href":"https:\/\/archive.sana.sy\/tr\/index.php?rest_route=\/wp\/v2\/posts\/6827\/revisions"}],"wp:featuredmedia":[{"embeddable":true,"href":"https:\/\/archive.sana.sy\/tr\/index.php?rest_route=\/wp\/v2\/media\/6702"}],"wp:attachment":[{"href":"https:\/\/archive.sana.sy\/tr\/index.php?rest_route=%2Fwp%2Fv2%2Fmedia&parent=6827"}],"wp:term":[{"taxonomy":"category","embeddable":true,"href":"https:\/\/archive.sana.sy\/tr\/index.php?rest_route=%2Fwp%2Fv2%2Fcategories&post=6827"},{"taxonomy":"post_tag","embeddable":true,"href":"https:\/\/archive.sana.sy\/tr\/index.php?rest_route=%2Fwp%2Fv2%2Ftags&post=6827"}],"curies":[{"name":"wp","href":"https:\/\/api.w.org\/{rel}","templated":true}]}}