{"id":68275,"date":"2016-04-10T13:55:27","date_gmt":"2016-04-10T10:55:27","guid":{"rendered":"http:\/\/sana.sy\/tr\/?p=68275"},"modified":"2016-04-11T09:54:18","modified_gmt":"2016-04-11T06:54:18","slug":"tekfirci-ve-israil-terorune-karsi-mucadele-mutlak-bir-gerekliliktir","status":"publish","type":"post","link":"https:\/\/archive.sana.sy\/tr\/?p=68275","title":{"rendered":"Tekfirci ve \u0130srail Ter\u00f6r\u00fcne Kar\u015f\u0131 M\u00fccadele Mutlak Bir Gerekliliktir"},"content":{"rendered":"<p>KAH\u0130RE \u2013 L\u00fcbnan Parlamentosu Bakan\u0131 ve Arap Parlamentolar\u0131 Birli\u011fi Ba\u015fkan\u0131 Nebih Berri, Birli\u011fin bug\u00fcn M\u0131s\u0131r\u2019\u0131n ba\u015fkenti Kahire&#8217;de d\u00fczenledi\u011fi 23. Konferans\u0131 \u00e7al\u0131\u015fmalar\u0131n\u0131n a\u00e7\u0131l\u0131\u015f toplant\u0131s\u0131nda \u00f6zellikle tekfirci ve \u0130srail ter\u00f6r\u00fc ba\u015fta olmak \u00fczere b\u00f6lgede t\u00fcm ter\u00f6re kar\u015f\u0131 koyman\u0131n mutlak bir gereklilik oldu\u011funu vurgulad\u0131.<\/p>\n<p>Berri Araplar a\u00e7\u0131s\u0131ndan merkezi davan\u0131n \u0130srail&#8217;in Filistinlilere kar\u015f\u0131 te\u015fkil etti\u011fi devlet ter\u00f6r\u00fcn\u00fcn temelini olu\u015fturdu\u011fu ter\u00f6re kar\u015f\u0131 m\u00fccadele oldu\u011funu ifade etti.<\/p>\n<p>Ter\u00f6r\u00fcn t\u00fcm b\u00f6lge halklar\u0131n\u0131 tehdit etmesinin yan\u0131 s\u0131ra Avrupa, Asya ve daha ba\u015fka b\u00f6lgelere de yay\u0131ld\u0131\u011f\u0131na dikkat \u00e7eken Berri; bu ter\u00f6re kar\u015f\u0131 ciddi, d\u00fcr\u00fcst ve etkin m\u00fccadelenin askeri ve istihbarat \u00e7abalar\u0131n\u0131 koordine edecek BMGK denetimi alt\u0131nda ortak bir operasyon odas\u0131 te\u015fkl edilmesi \u00f6nemini ifade etti. Berri bu odan\u0131n ter\u00f6r\u00fcn finans ve be\u015feri kaynaklar\u0131n\u0131n kurutulmas\u0131n\u0131n yan\u0131 s\u0131ra destekleyici devletlerin bu desteklerini kesmelerine zorlanmalar\u0131 ve s\u0131n\u0131r \u00f6tesine s\u0131zmas\u0131n\u0131n engellenmesi y\u00f6n\u00fcnde d\u00fcr\u00fcst ve ciddi \u00e7abalar harcamas\u0131 y\u00fck\u00fcml\u00fcl\u00fc\u011f\u00fcnde olmas\u0131 gere\u011fini vurgulad\u0131.<\/p>\n<p>Arap devletleri ve halklar\u0131n\u0131n tan\u0131k olduklar\u0131 meydan okumalar\u0131n\u0131n temelinde Filistin davas\u0131n\u0131n bulundu\u011funu ifade eden Berri; bu davan\u0131n adil bir \u015fekilde \u00e7\u00f6z\u00fclmesi \u00fczerine odaklan\u0131lmas\u0131 \u00f6nemine dikkat \u00e7ekti.<\/p>\n<p>Berri Arap devletlerinin ya\u015fad\u0131klar\u0131 sorunlar\u0131n siyasi yollarla \u00e7\u00f6z\u00fclmesi, siyasi s\u00fcre\u00e7lerin teorikte kalmay\u0131p prati\u011fe d\u00f6k\u00fclmesi gere\u011fini kaydetti.<\/p>\n","protected":false},"excerpt":{"rendered":"<p>KAH\u0130RE \u2013 L\u00fcbnan Parlamentosu Bakan\u0131 ve Arap Parlamentolar\u0131 Birli\u011fi Ba\u015fkan\u0131 Nebih Berri, Birli\u011fin bug\u00fcn M\u0131s\u0131r\u2019\u0131n ba\u015fkenti Kahire&#8217;de d\u00fczenledi\u011fi 23. Konferans\u0131 \u00e7al\u0131\u015fmalar\u0131n\u0131n a\u00e7\u0131l\u0131\u015f toplant\u0131s\u0131nda \u00f6zellikle tekfirci ve \u0130srail ter\u00f6r\u00fc ba\u015fta olmak \u00fczere b\u00f6lgede t\u00fcm ter\u00f6re kar\u015f\u0131 koyman\u0131n mutlak bir gereklilik oldu\u011funu vurgulad\u0131. Berri Araplar a\u00e7\u0131s\u0131ndan merkezi davan\u0131n \u0130srail&#8217;in Filistinlilere kar\u015f\u0131 te\u015fkil etti\u011fi devlet ter\u00f6r\u00fcn\u00fcn temelini olu\u015fturdu\u011fu &hellip;<\/p>\n","protected":false},"author":1,"featured_media":68277,"comment_status":"closed","ping_status":"closed","sticky":false,"template":"","format":"standard","meta":{"footnotes":""},"categories":[458,459,17988],"tags":[],"class_list":["post-68275","post","type-post","status-publish","format-standard","has-post-thumbnail","","category-dunya1","category-haberler-arap-uluslararasi-politika","category-son-haberler"],"_links":{"self":[{"href":"https:\/\/archive.sana.sy\/tr\/index.php?rest_route=\/wp\/v2\/posts\/68275","targetHints":{"allow":["GET"]}}],"collection":[{"href":"https:\/\/archive.sana.sy\/tr\/index.php?rest_route=\/wp\/v2\/posts"}],"about":[{"href":"https:\/\/archive.sana.sy\/tr\/index.php?rest_route=\/wp\/v2\/types\/post"}],"author":[{"embeddable":true,"href":"https:\/\/archive.sana.sy\/tr\/index.php?rest_route=\/wp\/v2\/users\/1"}],"replies":[{"embeddable":true,"href":"https:\/\/archive.sana.sy\/tr\/index.php?rest_route=%2Fwp%2Fv2%2Fcomments&post=68275"}],"version-history":[{"count":0,"href":"https:\/\/archive.sana.sy\/tr\/index.php?rest_route=\/wp\/v2\/posts\/68275\/revisions"}],"wp:featuredmedia":[{"embeddable":true,"href":"https:\/\/archive.sana.sy\/tr\/index.php?rest_route=\/wp\/v2\/media\/68277"}],"wp:attachment":[{"href":"https:\/\/archive.sana.sy\/tr\/index.php?rest_route=%2Fwp%2Fv2%2Fmedia&parent=68275"}],"wp:term":[{"taxonomy":"category","embeddable":true,"href":"https:\/\/archive.sana.sy\/tr\/index.php?rest_route=%2Fwp%2Fv2%2Fcategories&post=68275"},{"taxonomy":"post_tag","embeddable":true,"href":"https:\/\/archive.sana.sy\/tr\/index.php?rest_route=%2Fwp%2Fv2%2Ftags&post=68275"}],"curies":[{"name":"wp","href":"https:\/\/api.w.org\/{rel}","templated":true}]}}