{"id":68304,"date":"2016-04-11T11:07:42","date_gmt":"2016-04-11T08:07:42","guid":{"rendered":"http:\/\/www.sana.sy\/tr\/?p=68304"},"modified":"2016-04-11T11:07:42","modified_gmt":"2016-04-11T08:07:42","slug":"sana-muhabiri-silahli-teror-gruplarinin-derada-catismalari-durdurma-anlasmasina-yeni-bir-ihlalle-deranin-sivil-yerlesim-alanlarindan-sehhari-semtini-fuze-ve-roketlerle-hedef-aldiklar","status":"publish","type":"post","link":"https:\/\/archive.sana.sy\/tr\/?p=68304","title":{"rendered":"SANA muhabiri silahl\u0131 ter\u00f6r gruplar\u0131n\u0131n Dera\u2019da \u00e7at\u0131\u015fmalar\u0131 durdurma anla\u015fmas\u0131na yeni bir ihlalle Dera\u2019n\u0131n sivil yerle\u015fim alanlar\u0131ndan Sehhari Semtini f\u00fcze ve roketlerle hedef ald\u0131klar\u0131n\u0131 belirtti"},"content":{"rendered":"<p>SANA muhabiri silahl\u0131 ter\u00f6r gruplar\u0131n\u0131n Dera\u2019da \u00e7at\u0131\u015fmalar\u0131 durdurma anla\u015fmas\u0131na yeni bir ihlalle Dera\u2019n\u0131n sivil yerle\u015fim alanlar\u0131ndan Sehhari Semtini f\u00fcze ve roketlerle hedef ald\u0131klar\u0131n\u0131 belirtti<\/p>\n","protected":false},"excerpt":{"rendered":"<p>SANA muhabiri silahl\u0131 ter\u00f6r gruplar\u0131n\u0131n Dera\u2019da \u00e7at\u0131\u015fmalar\u0131 durdurma anla\u015fmas\u0131na yeni bir ihlalle Dera\u2019n\u0131n sivil yerle\u015fim alanlar\u0131ndan Sehhari Semtini f\u00fcze ve roketlerle hedef ald\u0131klar\u0131n\u0131 belirtti<\/p>\n","protected":false},"author":1,"featured_media":0,"comment_status":"closed","ping_status":"closed","sticky":false,"template":"","format":"standard","meta":{"footnotes":""},"categories":[17991],"tags":[20424],"class_list":["post-68304","post","type-post","status-publish","format-standard","","category-son-dakika","tag-sana-muhabiri-silahli-teror-gruplarinin-derada-catismalari-durdurma-anlasmasina-yeni-bir-ihlalle-deranin-sivil-yerlesim-alanlarindan-sehhari-semtini-fuze-ve-roketlerle-hedef-aldiklar"],"_links":{"self":[{"href":"https:\/\/archive.sana.sy\/tr\/index.php?rest_route=\/wp\/v2\/posts\/68304","targetHints":{"allow":["GET"]}}],"collection":[{"href":"https:\/\/archive.sana.sy\/tr\/index.php?rest_route=\/wp\/v2\/posts"}],"about":[{"href":"https:\/\/archive.sana.sy\/tr\/index.php?rest_route=\/wp\/v2\/types\/post"}],"author":[{"embeddable":true,"href":"https:\/\/archive.sana.sy\/tr\/index.php?rest_route=\/wp\/v2\/users\/1"}],"replies":[{"embeddable":true,"href":"https:\/\/archive.sana.sy\/tr\/index.php?rest_route=%2Fwp%2Fv2%2Fcomments&post=68304"}],"version-history":[{"count":0,"href":"https:\/\/archive.sana.sy\/tr\/index.php?rest_route=\/wp\/v2\/posts\/68304\/revisions"}],"wp:attachment":[{"href":"https:\/\/archive.sana.sy\/tr\/index.php?rest_route=%2Fwp%2Fv2%2Fmedia&parent=68304"}],"wp:term":[{"taxonomy":"category","embeddable":true,"href":"https:\/\/archive.sana.sy\/tr\/index.php?rest_route=%2Fwp%2Fv2%2Fcategories&post=68304"},{"taxonomy":"post_tag","embeddable":true,"href":"https:\/\/archive.sana.sy\/tr\/index.php?rest_route=%2Fwp%2Fv2%2Ftags&post=68304"}],"curies":[{"name":"wp","href":"https:\/\/api.w.org\/{rel}","templated":true}]}}