{"id":68327,"date":"2016-04-11T11:30:38","date_gmt":"2016-04-11T08:30:38","guid":{"rendered":"http:\/\/sana.sy\/tr\/?p=68327"},"modified":"2016-04-11T13:30:44","modified_gmt":"2016-04-11T10:30:44","slug":"sana-kameralari-sam-kirsalinda-vatandaslarin-halk-meclisi-secimlerine-iliskin-goruslerini-kaydetti","status":"publish","type":"post","link":"https:\/\/archive.sana.sy\/tr\/?p=68327","title":{"rendered":"SANA kameralar\u0131 \u015eam k\u0131rsal\u0131nda vatanda\u015flar\u0131n Halk Meclisi se\u00e7imlerine ili\u015fkin g\u00f6r\u00fc\u015flerini kaydetti"},"content":{"rendered":"<p>SANA kameralar\u0131 \u015eam k\u0131rsal\u0131nda vatanda\u015flar\u0131n Halk Meclisi se\u00e7imlerine ili\u015fkin g\u00f6r\u00fc\u015flerini kaydetti<\/p>\n<p>https:\/\/youtu.be\/GnlbUMVwlY8<\/p>\n<p>R.H.<\/p>\n","protected":false},"excerpt":{"rendered":"<p>SANA kameralar\u0131 \u015eam k\u0131rsal\u0131nda vatanda\u015flar\u0131n Halk Meclisi se\u00e7imlerine ili\u015fkin g\u00f6r\u00fc\u015flerini kaydetti https:\/\/youtu.be\/GnlbUMVwlY8 R.H.<\/p>\n","protected":false},"author":1,"featured_media":68332,"comment_status":"closed","ping_status":"closed","sticky":false,"template":"","format":"standard","meta":{"footnotes":""},"categories":[18295],"tags":[20436],"class_list":["post-68327","post","type-post","status-publish","format-standard","has-post-thumbnail","","category-sana-video","tag-sana-kameralari-sam-kirsalinda-vatandaslarin-halk-meclisi-secimlerine-iliskin-goruslerini-kaydetti"],"_links":{"self":[{"href":"https:\/\/archive.sana.sy\/tr\/index.php?rest_route=\/wp\/v2\/posts\/68327","targetHints":{"allow":["GET"]}}],"collection":[{"href":"https:\/\/archive.sana.sy\/tr\/index.php?rest_route=\/wp\/v2\/posts"}],"about":[{"href":"https:\/\/archive.sana.sy\/tr\/index.php?rest_route=\/wp\/v2\/types\/post"}],"author":[{"embeddable":true,"href":"https:\/\/archive.sana.sy\/tr\/index.php?rest_route=\/wp\/v2\/users\/1"}],"replies":[{"embeddable":true,"href":"https:\/\/archive.sana.sy\/tr\/index.php?rest_route=%2Fwp%2Fv2%2Fcomments&post=68327"}],"version-history":[{"count":0,"href":"https:\/\/archive.sana.sy\/tr\/index.php?rest_route=\/wp\/v2\/posts\/68327\/revisions"}],"wp:featuredmedia":[{"embeddable":true,"href":"https:\/\/archive.sana.sy\/tr\/index.php?rest_route=\/wp\/v2\/media\/68332"}],"wp:attachment":[{"href":"https:\/\/archive.sana.sy\/tr\/index.php?rest_route=%2Fwp%2Fv2%2Fmedia&parent=68327"}],"wp:term":[{"taxonomy":"category","embeddable":true,"href":"https:\/\/archive.sana.sy\/tr\/index.php?rest_route=%2Fwp%2Fv2%2Fcategories&post=68327"},{"taxonomy":"post_tag","embeddable":true,"href":"https:\/\/archive.sana.sy\/tr\/index.php?rest_route=%2Fwp%2Fv2%2Ftags&post=68327"}],"curies":[{"name":"wp","href":"https:\/\/api.w.org\/{rel}","templated":true}]}}