{"id":68338,"date":"2016-04-11T10:31:36","date_gmt":"2016-04-11T07:31:36","guid":{"rendered":"http:\/\/sana.sy\/tr\/?p=68338"},"modified":"2016-04-11T13:32:42","modified_gmt":"2016-04-11T10:32:42","slug":"sems-dervis-ebu-remmane-galerisinde-plastik-sanat-sergisi-duzenliyor","status":"publish","type":"post","link":"https:\/\/archive.sana.sy\/tr\/?p=68338","title":{"rendered":"\u015eems Dervi\u015f Ebu Remmane Galerisinde plastik sanat sergisi d\u00fczenliyor"},"content":{"rendered":"<p>\u015eems Dervi\u015f Ebu Remmane Galerisinde plastik sanat sergisi d\u00fczenliyor<\/p>\n<p>https:\/\/youtu.be\/EkA5c6-z4Vk<\/p>\n<p>R.H.<\/p>\n","protected":false},"excerpt":{"rendered":"<p>\u015eems Dervi\u015f Ebu Remmane Galerisinde plastik sanat sergisi d\u00fczenliyor https:\/\/youtu.be\/EkA5c6-z4Vk R.H.<\/p>\n","protected":false},"author":1,"featured_media":68339,"comment_status":"closed","ping_status":"closed","sticky":false,"template":"","format":"standard","meta":{"footnotes":""},"categories":[18295],"tags":[20437],"class_list":["post-68338","post","type-post","status-publish","format-standard","has-post-thumbnail","","category-sana-video","tag-sems-dervis-ebu-remmane-galerisinde-plastik-sanat-sergisi-duzenliyor"],"_links":{"self":[{"href":"https:\/\/archive.sana.sy\/tr\/index.php?rest_route=\/wp\/v2\/posts\/68338","targetHints":{"allow":["GET"]}}],"collection":[{"href":"https:\/\/archive.sana.sy\/tr\/index.php?rest_route=\/wp\/v2\/posts"}],"about":[{"href":"https:\/\/archive.sana.sy\/tr\/index.php?rest_route=\/wp\/v2\/types\/post"}],"author":[{"embeddable":true,"href":"https:\/\/archive.sana.sy\/tr\/index.php?rest_route=\/wp\/v2\/users\/1"}],"replies":[{"embeddable":true,"href":"https:\/\/archive.sana.sy\/tr\/index.php?rest_route=%2Fwp%2Fv2%2Fcomments&post=68338"}],"version-history":[{"count":0,"href":"https:\/\/archive.sana.sy\/tr\/index.php?rest_route=\/wp\/v2\/posts\/68338\/revisions"}],"wp:featuredmedia":[{"embeddable":true,"href":"https:\/\/archive.sana.sy\/tr\/index.php?rest_route=\/wp\/v2\/media\/68339"}],"wp:attachment":[{"href":"https:\/\/archive.sana.sy\/tr\/index.php?rest_route=%2Fwp%2Fv2%2Fmedia&parent=68338"}],"wp:term":[{"taxonomy":"category","embeddable":true,"href":"https:\/\/archive.sana.sy\/tr\/index.php?rest_route=%2Fwp%2Fv2%2Fcategories&post=68338"},{"taxonomy":"post_tag","embeddable":true,"href":"https:\/\/archive.sana.sy\/tr\/index.php?rest_route=%2Fwp%2Fv2%2Ftags&post=68338"}],"curies":[{"name":"wp","href":"https:\/\/api.w.org\/{rel}","templated":true}]}}