{"id":68357,"date":"2016-04-11T09:40:39","date_gmt":"2016-04-11T06:40:39","guid":{"rendered":"http:\/\/www.sana.sy\/tr\/?p=68357"},"modified":"2016-04-11T14:37:28","modified_gmt":"2016-04-11T11:37:28","slug":"sanaya-aciklama-yapan-askeri-bir-kaynak-hava-guclerimizin-homs-kirsalinin-kuzeyi-teyr-male-koyunde-kaide-orgutunun-suriye-kolu-nusra-cephesinin-bir-komuta-karargahini-icindeki-cok-sayida-tero","status":"publish","type":"post","link":"https:\/\/archive.sana.sy\/tr\/?p=68357","title":{"rendered":"SANA\u2019ya a\u00e7\u0131klama yapan askeri bir kaynak hava g\u00fc\u00e7lerimizin Homs k\u0131rsal\u0131n\u0131n kuzeyi Teyr Male K\u00f6y\u00fcnde Kaide \u00d6rg\u00fct\u00fcn\u00fcn Suriye kolu Nusra Cephesinin bir komuta karargah\u0131n\u0131 i\u00e7indeki \u00e7ok say\u0131da ter\u00f6rist ve cephaneyle birlikte imha ettiklerini aktard\u0131"},"content":{"rendered":"<p>SANA\u2019ya a\u00e7\u0131klama yapan askeri bir kaynak hava g\u00fc\u00e7lerimizin Homs k\u0131rsal\u0131n\u0131n kuzeyi Teyr Male K\u00f6y\u00fcnde Kaide \u00d6rg\u00fct\u00fcn\u00fcn Suriye kolu Nusra Cephesinin bir komuta karargah\u0131n\u0131 i\u00e7indeki \u00e7ok say\u0131da ter\u00f6rist ve cephaneyle birlikte imha ettiklerini aktard\u0131<\/p>\n","protected":false},"excerpt":{"rendered":"<p>SANA\u2019ya a\u00e7\u0131klama yapan askeri bir kaynak hava g\u00fc\u00e7lerimizin Homs k\u0131rsal\u0131n\u0131n kuzeyi Teyr Male K\u00f6y\u00fcnde Kaide \u00d6rg\u00fct\u00fcn\u00fcn Suriye kolu Nusra Cephesinin bir komuta karargah\u0131n\u0131 i\u00e7indeki \u00e7ok say\u0131da ter\u00f6rist ve cephaneyle birlikte imha ettiklerini aktard\u0131<\/p>\n","protected":false},"author":1,"featured_media":0,"comment_status":"closed","ping_status":"closed","sticky":false,"template":"","format":"standard","meta":{"footnotes":""},"categories":[17991],"tags":[],"class_list":["post-68357","post","type-post","status-publish","format-standard","","category-son-dakika"],"_links":{"self":[{"href":"https:\/\/archive.sana.sy\/tr\/index.php?rest_route=\/wp\/v2\/posts\/68357","targetHints":{"allow":["GET"]}}],"collection":[{"href":"https:\/\/archive.sana.sy\/tr\/index.php?rest_route=\/wp\/v2\/posts"}],"about":[{"href":"https:\/\/archive.sana.sy\/tr\/index.php?rest_route=\/wp\/v2\/types\/post"}],"author":[{"embeddable":true,"href":"https:\/\/archive.sana.sy\/tr\/index.php?rest_route=\/wp\/v2\/users\/1"}],"replies":[{"embeddable":true,"href":"https:\/\/archive.sana.sy\/tr\/index.php?rest_route=%2Fwp%2Fv2%2Fcomments&post=68357"}],"version-history":[{"count":0,"href":"https:\/\/archive.sana.sy\/tr\/index.php?rest_route=\/wp\/v2\/posts\/68357\/revisions"}],"wp:attachment":[{"href":"https:\/\/archive.sana.sy\/tr\/index.php?rest_route=%2Fwp%2Fv2%2Fmedia&parent=68357"}],"wp:term":[{"taxonomy":"category","embeddable":true,"href":"https:\/\/archive.sana.sy\/tr\/index.php?rest_route=%2Fwp%2Fv2%2Fcategories&post=68357"},{"taxonomy":"post_tag","embeddable":true,"href":"https:\/\/archive.sana.sy\/tr\/index.php?rest_route=%2Fwp%2Fv2%2Ftags&post=68357"}],"curies":[{"name":"wp","href":"https:\/\/api.w.org\/{rel}","templated":true}]}}