{"id":68371,"date":"2016-04-11T13:01:32","date_gmt":"2016-04-11T10:01:32","guid":{"rendered":"http:\/\/www.sana.sy\/tr\/?p=68371"},"modified":"2016-04-11T15:10:06","modified_gmt":"2016-04-11T12:10:06","slug":"muallim-suriye-arap-cumhuriyeti-heyetinin-15-nisan-tarihinden-itibaren-cenevrede-yapilacak-diyalog-gorusmelerine-katilmaya-hazir-oldugunu-acikladi","status":"publish","type":"post","link":"https:\/\/archive.sana.sy\/tr\/?p=68371","title":{"rendered":"Muallim Suriye Arap Cumhuriyeti heyetinin 15 Nisan tarihinden itibaren Cenevre&#8217;de yap\u0131lacak diyalog g\u00f6r\u00fc\u015fmelerine kat\u0131lmaya haz\u0131r oldu\u011funu a\u00e7\u0131klad\u0131"},"content":{"rendered":"<p>Muallim Suriye Arap Cumhuriyeti heyetinin 15 Nisan tarihinden itibaren Cenevre&#8217;de yap\u0131lacak diyalog g\u00f6r\u00fc\u015fmelerine kat\u0131lmaya haz\u0131r oldu\u011funu a\u00e7\u0131klad\u0131<\/p>\n","protected":false},"excerpt":{"rendered":"<p>Muallim Suriye Arap Cumhuriyeti heyetinin 15 Nisan tarihinden itibaren Cenevre&#8217;de yap\u0131lacak diyalog g\u00f6r\u00fc\u015fmelerine kat\u0131lmaya haz\u0131r oldu\u011funu a\u00e7\u0131klad\u0131<\/p>\n","protected":false},"author":1,"featured_media":0,"comment_status":"closed","ping_status":"closed","sticky":false,"template":"","format":"standard","meta":{"footnotes":""},"categories":[17991],"tags":[],"class_list":["post-68371","post","type-post","status-publish","format-standard","","category-son-dakika"],"_links":{"self":[{"href":"https:\/\/archive.sana.sy\/tr\/index.php?rest_route=\/wp\/v2\/posts\/68371","targetHints":{"allow":["GET"]}}],"collection":[{"href":"https:\/\/archive.sana.sy\/tr\/index.php?rest_route=\/wp\/v2\/posts"}],"about":[{"href":"https:\/\/archive.sana.sy\/tr\/index.php?rest_route=\/wp\/v2\/types\/post"}],"author":[{"embeddable":true,"href":"https:\/\/archive.sana.sy\/tr\/index.php?rest_route=\/wp\/v2\/users\/1"}],"replies":[{"embeddable":true,"href":"https:\/\/archive.sana.sy\/tr\/index.php?rest_route=%2Fwp%2Fv2%2Fcomments&post=68371"}],"version-history":[{"count":0,"href":"https:\/\/archive.sana.sy\/tr\/index.php?rest_route=\/wp\/v2\/posts\/68371\/revisions"}],"wp:attachment":[{"href":"https:\/\/archive.sana.sy\/tr\/index.php?rest_route=%2Fwp%2Fv2%2Fmedia&parent=68371"}],"wp:term":[{"taxonomy":"category","embeddable":true,"href":"https:\/\/archive.sana.sy\/tr\/index.php?rest_route=%2Fwp%2Fv2%2Fcategories&post=68371"},{"taxonomy":"post_tag","embeddable":true,"href":"https:\/\/archive.sana.sy\/tr\/index.php?rest_route=%2Fwp%2Fv2%2Ftags&post=68371"}],"curies":[{"name":"wp","href":"https:\/\/api.w.org\/{rel}","templated":true}]}}