{"id":68385,"date":"2016-04-11T11:00:52","date_gmt":"2016-04-11T08:00:52","guid":{"rendered":"http:\/\/www.sana.sy\/tr\/?p=68385"},"modified":"2016-04-13T08:51:23","modified_gmt":"2016-04-13T05:51:23","slug":"halep-kenti-ve-gvayran-semti-yeniden-elektrige-kavustu","status":"publish","type":"post","link":"https:\/\/archive.sana.sy\/tr\/?p=68385","title":{"rendered":"Halep Kenti ve Gvayran Semti Yeniden Elektri\u011fe Kavu\u015ftu"},"content":{"rendered":"<p>\u0130LLER \u2013 Elektrik Bakanl\u0131\u011f\u0131na tabi ar\u0131za onar\u0131m ekiplerinin ter\u00f6r sald\u0131r\u0131lar\u0131 nedeniyle hasar g\u00f6ren y\u00fcksek gerilim \u015febekelerini onarmalar\u0131 ard\u0131ndan Halep Kenti ve Haseke Kentinin Gvayran Semti yeniden elektri\u011fe kavu\u015ftu.<\/p>\n<p>Elektrik Bakanl\u0131\u011f\u0131nda yetkili bir kaynak; Erdo\u011fan ve Al Suud rejimleri taraf\u0131ndan desteklenen ter\u00f6ristlerin altyap\u0131 ve hizmet \u015febekelerini sistematik bir \u015fekilde hedef almalar\u0131yla bir k\u0131s\u0131m b\u00f6lgelerde elektrik kesintisinin oldu\u011funa dikkat \u00e7ekerken Halep Kentinin 18 g\u00fcn s\u00fcren kesintiden sonra bug\u00fcn yeniden elektri\u011fe kavu\u015ftu\u011funu belirtti.<\/p>\n<p>Kaynak ar\u0131za ekiplerinin yine ter\u00f6ristler taraf\u0131ndan sabote edilen Esriya Hanas\u0131r alternatif y\u00fcksek gerilim \u015febekesini onarma \u00e7al\u0131\u015fmalar\u0131n\u0131 yo\u011fun bir \u015fekilde s\u00fcrd\u00fcrd\u00fcklerini s\u00f6yledi.<\/p>\n<p>Haseke \u0130lk Elektrik M\u00fcd\u00fcr\u00fc Muhammed Diyab ise ar\u0131za ekiplerinin yakla\u015f\u0131k 10 g\u00fcn sonra elektrik \u015febekesinde meydana gelen ar\u0131zay\u0131 gidermeleri ard\u0131ndan Gvayran Smetinin elektri\u011fe kavu\u015ftu\u011funu ifade etti.<\/p>\n","protected":false},"excerpt":{"rendered":"<p>\u0130LLER \u2013 Elektrik Bakanl\u0131\u011f\u0131na tabi ar\u0131za onar\u0131m ekiplerinin ter\u00f6r sald\u0131r\u0131lar\u0131 nedeniyle hasar g\u00f6ren y\u00fcksek gerilim \u015febekelerini onarmalar\u0131 ard\u0131ndan Halep Kenti ve Haseke Kentinin Gvayran Semti yeniden elektri\u011fe kavu\u015ftu. Elektrik Bakanl\u0131\u011f\u0131nda yetkili bir kaynak; Erdo\u011fan ve Al Suud rejimleri taraf\u0131ndan desteklenen ter\u00f6ristlerin altyap\u0131 ve hizmet \u015febekelerini sistematik bir \u015fekilde hedef almalar\u0131yla bir k\u0131s\u0131m b\u00f6lgelerde elektrik kesintisinin &hellip;<\/p>\n","protected":false},"author":1,"featured_media":68393,"comment_status":"closed","ping_status":"closed","sticky":false,"template":"","format":"standard","meta":{"footnotes":""},"categories":[479,17988,478],"tags":[20443],"class_list":["post-68385","post","type-post","status-publish","format-standard","has-post-thumbnail","","category-haberler-yerel","category-son-haberler","category-yerel","tag-halep-kenti-ve-gvayran-semti-yeniden-elektrige-kavustu"],"_links":{"self":[{"href":"https:\/\/archive.sana.sy\/tr\/index.php?rest_route=\/wp\/v2\/posts\/68385","targetHints":{"allow":["GET"]}}],"collection":[{"href":"https:\/\/archive.sana.sy\/tr\/index.php?rest_route=\/wp\/v2\/posts"}],"about":[{"href":"https:\/\/archive.sana.sy\/tr\/index.php?rest_route=\/wp\/v2\/types\/post"}],"author":[{"embeddable":true,"href":"https:\/\/archive.sana.sy\/tr\/index.php?rest_route=\/wp\/v2\/users\/1"}],"replies":[{"embeddable":true,"href":"https:\/\/archive.sana.sy\/tr\/index.php?rest_route=%2Fwp%2Fv2%2Fcomments&post=68385"}],"version-history":[{"count":0,"href":"https:\/\/archive.sana.sy\/tr\/index.php?rest_route=\/wp\/v2\/posts\/68385\/revisions"}],"wp:featuredmedia":[{"embeddable":true,"href":"https:\/\/archive.sana.sy\/tr\/index.php?rest_route=\/wp\/v2\/media\/68393"}],"wp:attachment":[{"href":"https:\/\/archive.sana.sy\/tr\/index.php?rest_route=%2Fwp%2Fv2%2Fmedia&parent=68385"}],"wp:term":[{"taxonomy":"category","embeddable":true,"href":"https:\/\/archive.sana.sy\/tr\/index.php?rest_route=%2Fwp%2Fv2%2Fcategories&post=68385"},{"taxonomy":"post_tag","embeddable":true,"href":"https:\/\/archive.sana.sy\/tr\/index.php?rest_route=%2Fwp%2Fv2%2Ftags&post=68385"}],"curies":[{"name":"wp","href":"https:\/\/api.w.org\/{rel}","templated":true}]}}