{"id":68464,"date":"2016-04-12T10:30:07","date_gmt":"2016-04-12T07:30:07","guid":{"rendered":"http:\/\/sana.sy\/tr\/?p=68464"},"modified":"2016-04-12T13:32:55","modified_gmt":"2016-04-12T10:32:55","slug":"suriyede-uretildi-slogani-altinda-duzenlenen-alisveris-festivali-samin-cela-stadyumunda-basladi","status":"publish","type":"post","link":"https:\/\/archive.sana.sy\/tr\/?p=68464","title":{"rendered":"Suriye\u2019de \u00dcretildi slogan\u0131 alt\u0131nda d\u00fczenlenen al\u0131\u015fveri\u015f festivali \u015eam\u2019\u0131n Cela Stadyumunda ba\u015flad\u0131"},"content":{"rendered":"<p>Suriye\u2019de \u00dcretildi slogan\u0131 alt\u0131nda d\u00fczenlenen al\u0131\u015fveri\u015f festivali \u015eam\u2019\u0131n Cela Stadyumunda ba\u015flad\u0131<\/p>\n<p><a href=\"https:\/\/www.youtube.com\/watch?v=CWf3vzD8X50\" target=\"_blank\">video<\/a><\/p>\n<p>R.H.<\/p>\n","protected":false},"excerpt":{"rendered":"<p>Suriye\u2019de \u00dcretildi slogan\u0131 alt\u0131nda d\u00fczenlenen al\u0131\u015fveri\u015f festivali \u015eam\u2019\u0131n Cela Stadyumunda ba\u015flad\u0131 video R.H.<\/p>\n","protected":false},"author":1,"featured_media":68467,"comment_status":"closed","ping_status":"closed","sticky":false,"template":"","format":"standard","meta":{"footnotes":""},"categories":[18295],"tags":[20459],"class_list":["post-68464","post","type-post","status-publish","format-standard","has-post-thumbnail","","category-sana-video","tag-suriyede-uretildi-slogani-altinda-duzenlenen-alisveris-festivali-samin-cela-stadyumunda-basladi"],"_links":{"self":[{"href":"https:\/\/archive.sana.sy\/tr\/index.php?rest_route=\/wp\/v2\/posts\/68464","targetHints":{"allow":["GET"]}}],"collection":[{"href":"https:\/\/archive.sana.sy\/tr\/index.php?rest_route=\/wp\/v2\/posts"}],"about":[{"href":"https:\/\/archive.sana.sy\/tr\/index.php?rest_route=\/wp\/v2\/types\/post"}],"author":[{"embeddable":true,"href":"https:\/\/archive.sana.sy\/tr\/index.php?rest_route=\/wp\/v2\/users\/1"}],"replies":[{"embeddable":true,"href":"https:\/\/archive.sana.sy\/tr\/index.php?rest_route=%2Fwp%2Fv2%2Fcomments&post=68464"}],"version-history":[{"count":0,"href":"https:\/\/archive.sana.sy\/tr\/index.php?rest_route=\/wp\/v2\/posts\/68464\/revisions"}],"wp:featuredmedia":[{"embeddable":true,"href":"https:\/\/archive.sana.sy\/tr\/index.php?rest_route=\/wp\/v2\/media\/68467"}],"wp:attachment":[{"href":"https:\/\/archive.sana.sy\/tr\/index.php?rest_route=%2Fwp%2Fv2%2Fmedia&parent=68464"}],"wp:term":[{"taxonomy":"category","embeddable":true,"href":"https:\/\/archive.sana.sy\/tr\/index.php?rest_route=%2Fwp%2Fv2%2Fcategories&post=68464"},{"taxonomy":"post_tag","embeddable":true,"href":"https:\/\/archive.sana.sy\/tr\/index.php?rest_route=%2Fwp%2Fv2%2Ftags&post=68464"}],"curies":[{"name":"wp","href":"https:\/\/api.w.org\/{rel}","templated":true}]}}