{"id":68473,"date":"2016-04-12T13:38:01","date_gmt":"2016-04-12T10:38:01","guid":{"rendered":"http:\/\/sana.sy\/tr\/?p=68473"},"modified":"2016-04-12T13:38:01","modified_gmt":"2016-04-12T10:38:01","slug":"opera-merkezi-buyuk-muzisyen-zuheyr-mneyninin-onuruna-konser-verdi","status":"publish","type":"post","link":"https:\/\/archive.sana.sy\/tr\/?p=68473","title":{"rendered":"Opera Merkezi B\u00fcy\u00fck M\u00fczisyen Z\u00fcheyr Mneyni\u2019nin onuruna konser verdi"},"content":{"rendered":"<p>Opera Merkezi B\u00fcy\u00fck M\u00fczisyen Z\u00fcheyr Mneyni\u2019nin onuruna konser verdi<\/p>\n","protected":false},"excerpt":{"rendered":"<p>Opera Merkezi B\u00fcy\u00fck M\u00fczisyen Z\u00fcheyr Mneyni\u2019nin onuruna konser verdi<\/p>\n","protected":false},"author":1,"featured_media":68476,"comment_status":"closed","ping_status":"closed","sticky":false,"template":"","format":"standard","meta":{"footnotes":""},"categories":[573],"tags":[20461],"class_list":["post-68473","post","type-post","status-publish","format-standard","has-post-thumbnail","","category-goruntulu-olaylar","tag-opera-merkezi-buyuk-muzisyen-zuheyr-mneyninin-onuruna-konser-verdi"],"_links":{"self":[{"href":"https:\/\/archive.sana.sy\/tr\/index.php?rest_route=\/wp\/v2\/posts\/68473","targetHints":{"allow":["GET"]}}],"collection":[{"href":"https:\/\/archive.sana.sy\/tr\/index.php?rest_route=\/wp\/v2\/posts"}],"about":[{"href":"https:\/\/archive.sana.sy\/tr\/index.php?rest_route=\/wp\/v2\/types\/post"}],"author":[{"embeddable":true,"href":"https:\/\/archive.sana.sy\/tr\/index.php?rest_route=\/wp\/v2\/users\/1"}],"replies":[{"embeddable":true,"href":"https:\/\/archive.sana.sy\/tr\/index.php?rest_route=%2Fwp%2Fv2%2Fcomments&post=68473"}],"version-history":[{"count":0,"href":"https:\/\/archive.sana.sy\/tr\/index.php?rest_route=\/wp\/v2\/posts\/68473\/revisions"}],"wp:featuredmedia":[{"embeddable":true,"href":"https:\/\/archive.sana.sy\/tr\/index.php?rest_route=\/wp\/v2\/media\/68476"}],"wp:attachment":[{"href":"https:\/\/archive.sana.sy\/tr\/index.php?rest_route=%2Fwp%2Fv2%2Fmedia&parent=68473"}],"wp:term":[{"taxonomy":"category","embeddable":true,"href":"https:\/\/archive.sana.sy\/tr\/index.php?rest_route=%2Fwp%2Fv2%2Fcategories&post=68473"},{"taxonomy":"post_tag","embeddable":true,"href":"https:\/\/archive.sana.sy\/tr\/index.php?rest_route=%2Fwp%2Fv2%2Ftags&post=68473"}],"curies":[{"name":"wp","href":"https:\/\/api.w.org\/{rel}","templated":true}]}}