{"id":68488,"date":"2016-04-12T19:05:59","date_gmt":"2016-04-12T16:05:59","guid":{"rendered":"http:\/\/sana.sy\/tr\/?p=68488"},"modified":"2016-04-13T10:21:36","modified_gmt":"2016-04-13T07:21:36","slug":"el-esad-rus-heyeti-kabul-etti","status":"publish","type":"post","link":"https:\/\/archive.sana.sy\/tr\/?p=68488","title":{"rendered":"El Esad Rus Heyeti Kabul Etti"},"content":{"rendered":"<p>\u015eAM \u2013 Cumhurba\u015fkan\u0131 Be\u015f\u015far el Esad Rus gazeteci, dini ve sosyal \u015fahsiyetlerden olu\u015fan bir heyeti kabul etti.<\/p>\n<p>\u0130ki dost \u00fclke aras\u0131ndaki tarihi ili\u015fkilerin ele al\u0131nd\u0131\u011f\u0131 g\u00f6r\u00fc\u015fmede; Suriye&#8217;deki son durumlar ve ter\u00f6re kar\u015f\u0131 sava\u015fa da \u0131\u015f\u0131k tutuldu.<\/p>\n<p><a href=\"http:\/\/www.sana.sy\/tr\/wp-content\/uploads\/2016\/04\/04.jpg\"><img loading=\"lazy\" decoding=\"async\" class=\"alignright wp-image-68504 size-medium\" src=\"http:\/\/www.sana.sy\/tr\/wp-content\/uploads\/2016\/04\/04-300x146.jpg\" alt=\"04\" width=\"300\" height=\"146\" srcset=\"https:\/\/archive.sana.sy\/tr\/wp-content\/uploads\/2016\/04\/04-300x146.jpg 300w, https:\/\/archive.sana.sy\/tr\/wp-content\/uploads\/2016\/04\/04-150x73.jpg 150w, https:\/\/archive.sana.sy\/tr\/wp-content\/uploads\/2016\/04\/04-768x373.jpg 768w, https:\/\/archive.sana.sy\/tr\/wp-content\/uploads\/2016\/04\/04-1024x498.jpg 1024w\" sizes=\"auto, (max-width: 300px) 100vw, 300px\" \/><\/a>El Esad Suriye ordusunun ter\u00f6re kar\u015f\u0131 sava\u015f\u0131 \u00e7er\u00e7evesinde bir\u00e7ok b\u00f6lgeyi ter\u00f6rden temizleyerek bir dizi \u00f6nemli ba\u015far\u0131 kaydetmekle olduk\u00e7a y\u00fcksek say\u0131da ter\u00f6risti \u00f6ld\u00fcrd\u00fc\u011f\u00fcne dikkat \u00e7ekti. T\u00fcm bu ba\u015far\u0131larda temel fakt\u00f6r\u00fcn Suriyelilerin ordu ve halk olarak vatan\u0131 savunma azimlerinin yan\u0131 s\u0131ra ba\u015fta Rusya olmak \u00fczere dostlar\u0131n deste\u011fi oldu\u011funu ifade eden el Esad; Rusya&#8217;n\u0131n gerek Suriye&#8217;de gerekse t\u00fcm d\u00fcnyada oynad\u0131\u011f\u0131 olumlu rol\u00fcn d\u00fcnyan\u0131n politik haritas\u0131n\u0131n yeniden resmedilmesine yol a\u00e7t\u0131\u011f\u0131n\u0131 belirtti. El Esad Rusya\u2019n\u0131n uluslar aras\u0131 kanunlar, ilke ve de\u011ferlere sahip \u00e7\u0131kan uluslar aras\u0131 b\u00fcy\u00fck bir g\u00fc\u00e7 oldu\u011funu kan\u0131tlad\u0131\u011f\u0131na i\u015faret etti.<\/p>\n<p>Konuk Rus heyet \u00fcyeleri Rusya parlamentosunun Suriye ve Suriyelilere vatanlar\u0131n\u0131 ve egemenliklerini korumada deste\u011fini s\u00fcrd\u00fcrece\u011fini ifade etti. Suriye&#8217;nin egemenli\u011fine sahip \u00e7\u0131kan nadir \u00fclkelerden biri olmas\u0131 nedeniyle halk\u0131yla birlikte t\u00fcm bu zalim ve h\u0131r\u00e7\u0131n evrensel ter\u00f6r sava\u015f\u0131yla birlikte ekonomik yapt\u0131r\u0131mlara maruz kald\u0131\u011f\u0131na vurgu yapan konuk heyet \u00fcyeleri; Suriye&#8217;nin yurti\u00e7i ve yurtd\u0131\u015f\u0131 tutumlar\u0131n\u0131n bunu net bir \u015fekilde ortaya koydu\u011funa i\u015faret ettiler.<\/p>\n<p>G\u00f6r\u00fc\u015fmeye Rusya Federasyonunun \u015eam b\u00fcy\u00fckel\u00e7isi kat\u0131ld\u0131.<\/p>\n","protected":false},"excerpt":{"rendered":"<p>\u015eAM \u2013 Cumhurba\u015fkan\u0131 Be\u015f\u015far el Esad Rus gazeteci, dini ve sosyal \u015fahsiyetlerden olu\u015fan bir heyeti kabul etti. \u0130ki dost \u00fclke aras\u0131ndaki tarihi ili\u015fkilerin ele al\u0131nd\u0131\u011f\u0131 g\u00f6r\u00fc\u015fmede; Suriye&#8217;deki son durumlar ve ter\u00f6re kar\u015f\u0131 sava\u015fa da \u0131\u015f\u0131k tutuldu. El Esad Suriye ordusunun ter\u00f6re kar\u015f\u0131 sava\u015f\u0131 \u00e7er\u00e7evesinde bir\u00e7ok b\u00f6lgeyi ter\u00f6rden temizleyerek bir dizi \u00f6nemli ba\u015far\u0131 kaydetmekle olduk\u00e7a y\u00fcksek &hellip;<\/p>\n","protected":false},"author":1,"featured_media":68489,"comment_status":"closed","ping_status":"closed","sticky":false,"template":"","format":"standard","meta":{"footnotes":""},"categories":[608,479,605,478],"tags":[17256,20464,20113,20408],"class_list":["post-68488","post","type-post","status-publish","format-standard","has-post-thumbnail","","category-etkinlikler","category-haberler-yerel","category-sayin-cumhurbaskani","category-yerel","tag-bessar-el-esad","tag-el-esad-rus-heyeti-kabul-etti","tag-esad","tag-rus-heyet"],"_links":{"self":[{"href":"https:\/\/archive.sana.sy\/tr\/index.php?rest_route=\/wp\/v2\/posts\/68488","targetHints":{"allow":["GET"]}}],"collection":[{"href":"https:\/\/archive.sana.sy\/tr\/index.php?rest_route=\/wp\/v2\/posts"}],"about":[{"href":"https:\/\/archive.sana.sy\/tr\/index.php?rest_route=\/wp\/v2\/types\/post"}],"author":[{"embeddable":true,"href":"https:\/\/archive.sana.sy\/tr\/index.php?rest_route=\/wp\/v2\/users\/1"}],"replies":[{"embeddable":true,"href":"https:\/\/archive.sana.sy\/tr\/index.php?rest_route=%2Fwp%2Fv2%2Fcomments&post=68488"}],"version-history":[{"count":0,"href":"https:\/\/archive.sana.sy\/tr\/index.php?rest_route=\/wp\/v2\/posts\/68488\/revisions"}],"wp:featuredmedia":[{"embeddable":true,"href":"https:\/\/archive.sana.sy\/tr\/index.php?rest_route=\/wp\/v2\/media\/68489"}],"wp:attachment":[{"href":"https:\/\/archive.sana.sy\/tr\/index.php?rest_route=%2Fwp%2Fv2%2Fmedia&parent=68488"}],"wp:term":[{"taxonomy":"category","embeddable":true,"href":"https:\/\/archive.sana.sy\/tr\/index.php?rest_route=%2Fwp%2Fv2%2Fcategories&post=68488"},{"taxonomy":"post_tag","embeddable":true,"href":"https:\/\/archive.sana.sy\/tr\/index.php?rest_route=%2Fwp%2Fv2%2Ftags&post=68488"}],"curies":[{"name":"wp","href":"https:\/\/api.w.org\/{rel}","templated":true}]}}