{"id":68496,"date":"2016-04-12T09:07:43","date_gmt":"2016-04-12T06:07:43","guid":{"rendered":"http:\/\/www.sana.sy\/tr\/?p=68496"},"modified":"2016-04-12T14:17:43","modified_gmt":"2016-04-12T11:17:43","slug":"lubnanin-guneyi-sayda-kentinde-bugun-aracina-duzenlenen-bomba-duzeneginin-havaya-ucurulmasiyla-filistinli-direnis-hareketi-fetihin-sorumlusuna-suikast-duzenlendi","status":"publish","type":"post","link":"https:\/\/archive.sana.sy\/tr\/?p=68496","title":{"rendered":"L\u00fcbnan\u2019\u0131n g\u00fcneyi Sayda Kentinde bug\u00fcn arac\u0131na d\u00fczenlenen bomba d\u00fczene\u011finin havaya u\u00e7urulmas\u0131yla Filistinli direni\u015f hareketi Fetih\u2019in sorumlusuna suikast d\u00fczenlendi"},"content":{"rendered":"<p>L\u00fcbnan\u2019\u0131n g\u00fcneyi Sayda Kentinde bug\u00fcn arac\u0131na d\u00fczenlenen bomba d\u00fczene\u011finin havaya u\u00e7urulmas\u0131yla Filistinli direni\u015f hareketi Fetih\u2019in sorumlusuna suikast d\u00fczenlendi<\/p>\n","protected":false},"excerpt":{"rendered":"<p>L\u00fcbnan\u2019\u0131n g\u00fcneyi Sayda Kentinde bug\u00fcn arac\u0131na d\u00fczenlenen bomba d\u00fczene\u011finin havaya u\u00e7urulmas\u0131yla Filistinli direni\u015f hareketi Fetih\u2019in sorumlusuna suikast d\u00fczenlendi<\/p>\n","protected":false},"author":1,"featured_media":0,"comment_status":"closed","ping_status":"closed","sticky":false,"template":"","format":"standard","meta":{"footnotes":""},"categories":[17991],"tags":[],"class_list":["post-68496","post","type-post","status-publish","format-standard","","category-son-dakika"],"_links":{"self":[{"href":"https:\/\/archive.sana.sy\/tr\/index.php?rest_route=\/wp\/v2\/posts\/68496","targetHints":{"allow":["GET"]}}],"collection":[{"href":"https:\/\/archive.sana.sy\/tr\/index.php?rest_route=\/wp\/v2\/posts"}],"about":[{"href":"https:\/\/archive.sana.sy\/tr\/index.php?rest_route=\/wp\/v2\/types\/post"}],"author":[{"embeddable":true,"href":"https:\/\/archive.sana.sy\/tr\/index.php?rest_route=\/wp\/v2\/users\/1"}],"replies":[{"embeddable":true,"href":"https:\/\/archive.sana.sy\/tr\/index.php?rest_route=%2Fwp%2Fv2%2Fcomments&post=68496"}],"version-history":[{"count":0,"href":"https:\/\/archive.sana.sy\/tr\/index.php?rest_route=\/wp\/v2\/posts\/68496\/revisions"}],"wp:attachment":[{"href":"https:\/\/archive.sana.sy\/tr\/index.php?rest_route=%2Fwp%2Fv2%2Fmedia&parent=68496"}],"wp:term":[{"taxonomy":"category","embeddable":true,"href":"https:\/\/archive.sana.sy\/tr\/index.php?rest_route=%2Fwp%2Fv2%2Fcategories&post=68496"},{"taxonomy":"post_tag","embeddable":true,"href":"https:\/\/archive.sana.sy\/tr\/index.php?rest_route=%2Fwp%2Fv2%2Ftags&post=68496"}],"curies":[{"name":"wp","href":"https:\/\/api.w.org\/{rel}","templated":true}]}}