{"id":6859,"date":"2014-08-09T18:02:48","date_gmt":"2014-08-09T15:02:48","guid":{"rendered":"http:\/\/www.sana.sy\/tr\/?p=6859"},"modified":"2014-08-09T15:43:23","modified_gmt":"2014-08-09T12:43:23","slug":"kimi-devletelerin-destegi-olmaksizin-bu-eylemleri-gerceklestirmeleri-mumkun-degildir","status":"publish","type":"post","link":"https:\/\/archive.sana.sy\/tr\/?p=6859","title":{"rendered":"Kimi Devletelerin Deste\u011fi Olmaks\u0131z\u0131n Bu Eylemleri Ger\u00e7ekle\u015ftirmeleri M\u00fcmk\u00fcn De\u011fildir"},"content":{"rendered":"<p>TAHRAN \u2013 \u0130ran D\u0131\u015fi\u015fleri Bakan\u0131 Yard\u0131mc\u0131s\u0131 H\u00fcseyin Emir Abd\u00fcllehyan Suriye, Irak ve L\u00fcbnan&#8217;daki tekfirci ter\u00f6ristlerin bulunduklar\u0131 eylemleri kimi devletlerin deste\u011fi ve sa\u011flad\u0131klar\u0131 kolayl\u0131klar olmaks\u0131z\u0131n ger\u00e7ekle\u015ftirmelerinin m\u00fcmk\u00fcn olmad\u0131\u011f\u0131n\u0131 belirtti.<\/p>\n<p>Almanya&#8217;ya bulundu\u011fu ziyaretinin bitiminde \u0130ranl\u0131 \u0130RNA Haber Ajans\u0131na a\u00e7\u0131klamalar\u0131nda Abd\u00fcllehyan; Suriye ve Irak\u2019\u0131n tekfirci ter\u00f6re kar\u015f\u0131 m\u00fccadelenin \u00f6n cephesini olu\u015fturduklar\u0131n\u0131 belirtti.<\/p>\n<p>Abd\u00fcllehyan; tekfirci ter\u00f6r\u00fcn ger\u00e7ek ve as\u0131l \u0130slam dini ile herhangi bir ba\u011flant\u0131s\u0131 olmad\u0131\u011f\u0131n\u0131n alt\u0131n\u0131 \u00e7izerek; tam aksine siyonist \u0130srail ile Kaide \u00d6rg\u00fct\u00fcne tabi \u2018Irak ve \u015eam \u0130slami Devleti\u2019 dahil tekfirci t\u00fcm ter\u00f6r gruplar\u0131 aras\u0131ndaki ba\u011flant\u0131lar\u0131 kan\u0131tlad\u0131\u011f\u0131n\u0131 ifade etti.<\/p>\n","protected":false},"excerpt":{"rendered":"<p>TAHRAN \u2013 \u0130ran D\u0131\u015fi\u015fleri Bakan\u0131 Yard\u0131mc\u0131s\u0131 H\u00fcseyin Emir Abd\u00fcllehyan Suriye, Irak ve L\u00fcbnan&#8217;daki tekfirci ter\u00f6ristlerin bulunduklar\u0131 eylemleri kimi devletlerin deste\u011fi ve sa\u011flad\u0131klar\u0131 kolayl\u0131klar olmaks\u0131z\u0131n ger\u00e7ekle\u015ftirmelerinin m\u00fcmk\u00fcn olmad\u0131\u011f\u0131n\u0131 belirtti. Almanya&#8217;ya bulundu\u011fu ziyaretinin bitiminde \u0130ranl\u0131 \u0130RNA Haber Ajans\u0131na a\u00e7\u0131klamalar\u0131nda Abd\u00fcllehyan; Suriye ve Irak\u2019\u0131n tekfirci ter\u00f6re kar\u015f\u0131 m\u00fccadelenin \u00f6n cephesini olu\u015fturduklar\u0131n\u0131 belirtti. Abd\u00fcllehyan; tekfirci ter\u00f6r\u00fcn ger\u00e7ek ve as\u0131l &hellip;<\/p>\n","protected":false},"author":1,"featured_media":6860,"comment_status":"closed","ping_status":"closed","sticky":false,"template":"","format":"standard","meta":{"footnotes":""},"categories":[458,447],"tags":[1532],"class_list":["post-6859","post","type-post","status-publish","format-standard","has-post-thumbnail","","category-dunya1","category-politika","tag-kimi-devletelerin-destegi-olmaksizin-bu-eylemleri-gerceklestirmeleri-mumkun-degildir"],"_links":{"self":[{"href":"https:\/\/archive.sana.sy\/tr\/index.php?rest_route=\/wp\/v2\/posts\/6859","targetHints":{"allow":["GET"]}}],"collection":[{"href":"https:\/\/archive.sana.sy\/tr\/index.php?rest_route=\/wp\/v2\/posts"}],"about":[{"href":"https:\/\/archive.sana.sy\/tr\/index.php?rest_route=\/wp\/v2\/types\/post"}],"author":[{"embeddable":true,"href":"https:\/\/archive.sana.sy\/tr\/index.php?rest_route=\/wp\/v2\/users\/1"}],"replies":[{"embeddable":true,"href":"https:\/\/archive.sana.sy\/tr\/index.php?rest_route=%2Fwp%2Fv2%2Fcomments&post=6859"}],"version-history":[{"count":0,"href":"https:\/\/archive.sana.sy\/tr\/index.php?rest_route=\/wp\/v2\/posts\/6859\/revisions"}],"wp:featuredmedia":[{"embeddable":true,"href":"https:\/\/archive.sana.sy\/tr\/index.php?rest_route=\/wp\/v2\/media\/6860"}],"wp:attachment":[{"href":"https:\/\/archive.sana.sy\/tr\/index.php?rest_route=%2Fwp%2Fv2%2Fmedia&parent=6859"}],"wp:term":[{"taxonomy":"category","embeddable":true,"href":"https:\/\/archive.sana.sy\/tr\/index.php?rest_route=%2Fwp%2Fv2%2Fcategories&post=6859"},{"taxonomy":"post_tag","embeddable":true,"href":"https:\/\/archive.sana.sy\/tr\/index.php?rest_route=%2Fwp%2Fv2%2Ftags&post=6859"}],"curies":[{"name":"wp","href":"https:\/\/api.w.org\/{rel}","templated":true}]}}