{"id":68623,"date":"2016-04-13T11:17:16","date_gmt":"2016-04-13T08:17:16","guid":{"rendered":"http:\/\/sana.sy\/tr\/?p=68623"},"modified":"2016-04-14T14:59:45","modified_gmt":"2016-04-14T11:59:45","slug":"cumhurbaskani-el-esad-ve-esi-samdaki-el-esad-kutuphanesinde-oy-kullaniyor-2","status":"publish","type":"post","link":"https:\/\/archive.sana.sy\/tr\/?p=68623","title":{"rendered":"Vatan Anayasan\u0131n Birle\u015ftirdi\u011fi Toprak, Halk ve Kurumlardan Olu\u015fan Bir B\u00fct\u00fcnd\u00fcr (video)"},"content":{"rendered":"<p>\u015eAM \u2013 Cumhurba\u015fkan\u0131 Be\u015f\u015far el Esad ve e\u015fi Esma el Esad bu sabah ba\u015flayan 2. d\u00f6nem Halk Meclisi \u00fcyelerinin belirlenece\u011fi se\u00e7imlerde oy kulland\u0131lar.<\/p>\n<p>El Esad ve Esma Han\u0131m oylar\u0131n\u0131 \u015eam\u2019daki el Esad K\u00fct\u00fcphanesinde kurulan oy kullanma merkezinde kulland\u0131.<\/p>\n<p><a href=\"http:\/\/sana.sy\/tr\/?attachment_id=68767\" rel=\"attachment wp-att-68767\"><img loading=\"lazy\" decoding=\"async\" class=\"size-medium wp-image-68767 alignright\" src=\"http:\/\/sana.sy\/tr\/wp-content\/uploads\/2016\/04\/el-Esad-1-1-300x195.jpg\" alt=\"el Esad 1\" width=\"300\" height=\"195\" srcset=\"https:\/\/archive.sana.sy\/tr\/wp-content\/uploads\/2016\/04\/el-Esad-1-1-300x195.jpg 300w, https:\/\/archive.sana.sy\/tr\/wp-content\/uploads\/2016\/04\/el-Esad-1-1-150x98.jpg 150w, https:\/\/archive.sana.sy\/tr\/wp-content\/uploads\/2016\/04\/el-Esad-1-1.jpg 480w\" sizes=\"auto, (max-width: 300px) 100vw, 300px\" \/><\/a>Oy kullanmas\u0131 ard\u0131ndan a\u00e7\u0131klama yapan Cumhurba\u015fkan\u0131 el Esad Suriye halk\u0131n\u0131n, be\u015f y\u0131ld\u0131r masum kanlar\u0131 ak\u0131tan ve geni\u015f \u015fekilde altyap\u0131y\u0131 sabote eden bir ter\u00f6re kar\u015f\u0131 sava\u015f verdi\u011fine dikkat \u00e7ekti. El Esad fakat d\u0131\u015f g\u00fc\u00e7lerin destekledi\u011fi bu ter\u00f6r\u00fcn efendilerinin belirledi\u011fi hedefe ula\u015fmada ba\u015far\u0131s\u0131z kald\u0131\u011f\u0131na dikkat \u00e7ekerken, Suriye&#8217;de temel altyap\u0131 say\u0131lan ulusal kimli\u011fin sosyal yap\u0131s\u0131n\u0131 y\u0131kmay\u0131 ba\u015faramad\u0131\u011f\u0131n\u0131 ifade etti. Suriye halk\u0131n\u0131n t\u00fcm bu y\u0131llar i\u00e7inde s\u00f6z konusu noktay\u0131 irdeledi\u011fine dikkat \u00e7eken el Esad; dolay\u0131s\u0131yla gerek yasama se\u00e7imleri gerekse cumhurba\u015fkanl\u0131\u011f\u0131 se\u00e7imleri olsun daha \u00f6nce ve \u015fimdi yap\u0131lan t\u00fcm se\u00e7imlerde olduk\u00e7a b\u00fcy\u00fck bir ilgi ve kat\u0131l\u0131m sergiledi\u011finin g\u00f6r\u00fcld\u00fc\u011f\u00fcn\u00fc s\u00f6yledi.<\/p>\n<p>Bug\u00fcn yap\u0131lan milletvekili se\u00e7imlerine yo\u011fun kat\u0131l\u0131ma dikkat \u00e7eken el Esad; Suriye halk\u0131n\u0131n b\u00fct\u00fcn kesimleri ve bile\u015fenleriyle yo\u011fun kat\u0131l\u0131m sergiledi\u011fini, bu se\u00e7imlerde milletvekili aday say\u0131s\u0131n\u0131n da ge\u00e7en on y\u0131llar boyunca g\u00f6r\u00fclen say\u0131n\u0131n iki kat\u0131 oldu\u011funa vurgu yapt\u0131. Se\u00e7imlerde yo\u011fun kat\u0131l\u0131m\u0131n \u00f6zellikle ter\u00f6r nedeniyle yak\u0131nlar\u0131n\u0131 kaybeden aileler ve \u015fehit aileleri ya da yaral\u0131lar ve aileleri oldu\u011funa dikkat \u00e7eken el Esad; canlar\u0131n\u0131 ve kanlar\u0131n\u0131 vatan u\u011fruna feda eden bu ailelerin yo\u011fun atk\u0131l\u0131m\u0131n anlam ve \u00f6zelli\u011fine vurgu yapt\u0131.<\/p>\n<p>Cumhurba\u015fkan\u0131 el Esad vatan\u0131n toprak, halk ve kurumlardan ibaret bir b\u00fct\u00fcn oldu\u011funu, t\u00fcm bu fakt\u00f6rleri bir arada toplayan\u0131n da anayasa oldu\u011funun alt\u0131n\u0131 \u00e7izdi.<\/p>\n<div id='gallery-1' class='gallery galleryid-68623 gallery-columns-3 gallery-size-medium'><figure class='gallery-item'>\n\t\t\t<div class='gallery-icon landscape'>\n\t\t\t\t<a href='https:\/\/archive.sana.sy\/tr\/wp-content\/uploads\/2016\/04\/el-Esad-1.jpg'><img loading=\"lazy\" decoding=\"async\" width=\"300\" height=\"153\" src=\"https:\/\/archive.sana.sy\/tr\/wp-content\/uploads\/2016\/04\/el-Esad-1-300x153.jpg\" class=\"attachment-medium size-medium\" alt=\"\" srcset=\"https:\/\/archive.sana.sy\/tr\/wp-content\/uploads\/2016\/04\/el-Esad-1-300x153.jpg 300w, https:\/\/archive.sana.sy\/tr\/wp-content\/uploads\/2016\/04\/el-Esad-1-150x77.jpg 150w, https:\/\/archive.sana.sy\/tr\/wp-content\/uploads\/2016\/04\/el-Esad-1-768x392.jpg 768w, https:\/\/archive.sana.sy\/tr\/wp-content\/uploads\/2016\/04\/el-Esad-1-1024x523.jpg 1024w, https:\/\/archive.sana.sy\/tr\/wp-content\/uploads\/2016\/04\/el-Esad-1.jpg 2048w\" sizes=\"auto, (max-width: 300px) 100vw, 300px\" \/><\/a>\n\t\t\t<\/div><\/figure><figure class='gallery-item'>\n\t\t\t<div class='gallery-icon landscape'>\n\t\t\t\t<a href='https:\/\/archive.sana.sy\/tr\/wp-content\/uploads\/2016\/04\/el-Esad-2.jpg'><img loading=\"lazy\" decoding=\"async\" width=\"300\" height=\"243\" src=\"https:\/\/archive.sana.sy\/tr\/wp-content\/uploads\/2016\/04\/el-Esad-2-300x243.jpg\" class=\"attachment-medium size-medium\" alt=\"\" srcset=\"https:\/\/archive.sana.sy\/tr\/wp-content\/uploads\/2016\/04\/el-Esad-2-300x243.jpg 300w, https:\/\/archive.sana.sy\/tr\/wp-content\/uploads\/2016\/04\/el-Esad-2-150x122.jpg 150w, https:\/\/archive.sana.sy\/tr\/wp-content\/uploads\/2016\/04\/el-Esad-2.jpg 480w\" sizes=\"auto, (max-width: 300px) 100vw, 300px\" \/><\/a>\n\t\t\t<\/div><\/figure><figure class='gallery-item'>\n\t\t\t<div class='gallery-icon landscape'>\n\t\t\t\t<a href='https:\/\/archive.sana.sy\/tr\/wp-content\/uploads\/2016\/04\/el-Esad-3.jpg'><img loading=\"lazy\" decoding=\"async\" width=\"300\" height=\"195\" src=\"https:\/\/archive.sana.sy\/tr\/wp-content\/uploads\/2016\/04\/el-Esad-3-300x195.jpg\" class=\"attachment-medium size-medium\" alt=\"\" srcset=\"https:\/\/archive.sana.sy\/tr\/wp-content\/uploads\/2016\/04\/el-Esad-3-300x195.jpg 300w, https:\/\/archive.sana.sy\/tr\/wp-content\/uploads\/2016\/04\/el-Esad-3-150x98.jpg 150w, https:\/\/archive.sana.sy\/tr\/wp-content\/uploads\/2016\/04\/el-Esad-3.jpg 480w\" sizes=\"auto, (max-width: 300px) 100vw, 300px\" \/><\/a>\n\t\t\t<\/div><\/figure>\n\t\t<\/div>\n\n<p>https:\/\/www.youtube.com\/watch?v=EBB05Kz1Iq8<\/p>\n<p>S.K. &#8211; R.H.<\/p>\n","protected":false},"excerpt":{"rendered":"<p>\u015eAM \u2013 Cumhurba\u015fkan\u0131 Be\u015f\u015far el Esad ve e\u015fi Esma el Esad bu sabah ba\u015flayan 2. d\u00f6nem Halk Meclisi \u00fcyelerinin belirlenece\u011fi se\u00e7imlerde oy kulland\u0131lar. El Esad ve Esma Han\u0131m oylar\u0131n\u0131 \u015eam\u2019daki el Esad K\u00fct\u00fcphanesinde kurulan oy kullanma merkezinde kulland\u0131. Oy kullanmas\u0131 ard\u0131ndan a\u00e7\u0131klama yapan Cumhurba\u015fkan\u0131 el Esad Suriye halk\u0131n\u0131n, be\u015f y\u0131ld\u0131r masum kanlar\u0131 ak\u0131tan ve geni\u015f &hellip;<\/p>\n","protected":false},"author":1,"featured_media":68624,"comment_status":"closed","ping_status":"closed","sticky":false,"template":"","format":"standard","meta":{"footnotes":""},"categories":[608,479,605,17988,478],"tags":[20482],"class_list":["post-68623","post","type-post","status-publish","format-standard","has-post-thumbnail","","category-etkinlikler","category-haberler-yerel","category-sayin-cumhurbaskani","category-son-haberler","category-yerel","tag-cumhurbaskani-el-esad-ve-esi-samdaki-el-esad-kutuphanesinde-oy-kullaniyor"],"_links":{"self":[{"href":"https:\/\/archive.sana.sy\/tr\/index.php?rest_route=\/wp\/v2\/posts\/68623","targetHints":{"allow":["GET"]}}],"collection":[{"href":"https:\/\/archive.sana.sy\/tr\/index.php?rest_route=\/wp\/v2\/posts"}],"about":[{"href":"https:\/\/archive.sana.sy\/tr\/index.php?rest_route=\/wp\/v2\/types\/post"}],"author":[{"embeddable":true,"href":"https:\/\/archive.sana.sy\/tr\/index.php?rest_route=\/wp\/v2\/users\/1"}],"replies":[{"embeddable":true,"href":"https:\/\/archive.sana.sy\/tr\/index.php?rest_route=%2Fwp%2Fv2%2Fcomments&post=68623"}],"version-history":[{"count":0,"href":"https:\/\/archive.sana.sy\/tr\/index.php?rest_route=\/wp\/v2\/posts\/68623\/revisions"}],"wp:featuredmedia":[{"embeddable":true,"href":"https:\/\/archive.sana.sy\/tr\/index.php?rest_route=\/wp\/v2\/media\/68624"}],"wp:attachment":[{"href":"https:\/\/archive.sana.sy\/tr\/index.php?rest_route=%2Fwp%2Fv2%2Fmedia&parent=68623"}],"wp:term":[{"taxonomy":"category","embeddable":true,"href":"https:\/\/archive.sana.sy\/tr\/index.php?rest_route=%2Fwp%2Fv2%2Fcategories&post=68623"},{"taxonomy":"post_tag","embeddable":true,"href":"https:\/\/archive.sana.sy\/tr\/index.php?rest_route=%2Fwp%2Fv2%2Ftags&post=68623"}],"curies":[{"name":"wp","href":"https:\/\/api.w.org\/{rel}","templated":true}]}}