{"id":68627,"date":"2016-04-13T11:45:47","date_gmt":"2016-04-13T08:45:47","guid":{"rendered":"http:\/\/www.sana.sy\/tr\/?p=68627"},"modified":"2016-04-13T11:54:01","modified_gmt":"2016-04-13T08:54:01","slug":"basbakan-yardimcisi-disisleri-ve-gurbetciler-bakani-velid-el-muallim-oy-kullanmasi-ardindan-basina-yaptigi-aciklamada-suriyenin-her-daim-suriye-halkinin-kendi-gelecegini-kendisi-belirleyecegini-be","status":"publish","type":"post","link":"https:\/\/archive.sana.sy\/tr\/?p=68627","title":{"rendered":"Ba\u015fbakan Yard\u0131mc\u0131s\u0131 D\u0131\u015fi\u015fleri ve Gurbet\u00e7iler Bakan\u0131 Velid el Muallim oy kullanmas\u0131 ard\u0131ndan bas\u0131na yapt\u0131\u011f\u0131 a\u00e7\u0131klamada; Suriye&#8217;nin her daim, Suriye halk\u0131n\u0131n kendi gelece\u011fini kendisi belirleyece\u011fini belirtti\u011fini, halk\u0131n da bug\u00fcn bu s\u00f6ylemi kan\u0131tlad\u0131\u011f\u0131n\u0131 ifade etti"},"content":{"rendered":"<p>Ba\u015fbakan Yard\u0131mc\u0131s\u0131 D\u0131\u015fi\u015fleri ve Gurbet\u00e7iler Bakan\u0131 Velid el Muallim oy kullanmas\u0131 ard\u0131ndan bas\u0131na yapt\u0131\u011f\u0131 a\u00e7\u0131klamada; Suriye&#8217;nin her daim, Suriye halk\u0131n\u0131n kendi gelece\u011fini kendisi belirleyece\u011fini belirtti\u011fini, halk\u0131n da bug\u00fcn bu s\u00f6ylemi kan\u0131tlad\u0131\u011f\u0131n\u0131 ifade etti<\/p>\n","protected":false},"excerpt":{"rendered":"<p>Ba\u015fbakan Yard\u0131mc\u0131s\u0131 D\u0131\u015fi\u015fleri ve Gurbet\u00e7iler Bakan\u0131 Velid el Muallim oy kullanmas\u0131 ard\u0131ndan bas\u0131na yapt\u0131\u011f\u0131 a\u00e7\u0131klamada; Suriye&#8217;nin her daim, Suriye halk\u0131n\u0131n kendi gelece\u011fini kendisi belirleyece\u011fini belirtti\u011fini, halk\u0131n da bug\u00fcn bu s\u00f6ylemi kan\u0131tlad\u0131\u011f\u0131n\u0131 ifade etti<\/p>\n","protected":false},"author":1,"featured_media":0,"comment_status":"closed","ping_status":"closed","sticky":false,"template":"","format":"standard","meta":{"footnotes":""},"categories":[17991],"tags":[],"class_list":["post-68627","post","type-post","status-publish","format-standard","","category-son-dakika"],"_links":{"self":[{"href":"https:\/\/archive.sana.sy\/tr\/index.php?rest_route=\/wp\/v2\/posts\/68627","targetHints":{"allow":["GET"]}}],"collection":[{"href":"https:\/\/archive.sana.sy\/tr\/index.php?rest_route=\/wp\/v2\/posts"}],"about":[{"href":"https:\/\/archive.sana.sy\/tr\/index.php?rest_route=\/wp\/v2\/types\/post"}],"author":[{"embeddable":true,"href":"https:\/\/archive.sana.sy\/tr\/index.php?rest_route=\/wp\/v2\/users\/1"}],"replies":[{"embeddable":true,"href":"https:\/\/archive.sana.sy\/tr\/index.php?rest_route=%2Fwp%2Fv2%2Fcomments&post=68627"}],"version-history":[{"count":0,"href":"https:\/\/archive.sana.sy\/tr\/index.php?rest_route=\/wp\/v2\/posts\/68627\/revisions"}],"wp:attachment":[{"href":"https:\/\/archive.sana.sy\/tr\/index.php?rest_route=%2Fwp%2Fv2%2Fmedia&parent=68627"}],"wp:term":[{"taxonomy":"category","embeddable":true,"href":"https:\/\/archive.sana.sy\/tr\/index.php?rest_route=%2Fwp%2Fv2%2Fcategories&post=68627"},{"taxonomy":"post_tag","embeddable":true,"href":"https:\/\/archive.sana.sy\/tr\/index.php?rest_route=%2Fwp%2Fv2%2Ftags&post=68627"}],"curies":[{"name":"wp","href":"https:\/\/api.w.org\/{rel}","templated":true}]}}