{"id":68663,"date":"2016-04-13T11:11:14","date_gmt":"2016-04-13T08:11:14","guid":{"rendered":"http:\/\/sana.sy\/tr\/?p=68663"},"modified":"2016-04-15T15:13:49","modified_gmt":"2016-04-15T12:13:49","slug":"savas-muhabiri-sehit-dustu-3","status":"publish","type":"post","link":"https:\/\/archive.sana.sy\/tr\/?p=68663","title":{"rendered":"Sava\u015f Muhabiri \u015eehit D\u00fc\u015ft\u00fc"},"content":{"rendered":"<p>HALEP \u2013 Sava\u015f muhabiri Ali hasan Allav Halep k\u0131rsal\u0131n\u0131n g\u00fcneyinde uluslar aras\u0131 tekfirci ter\u00f6re kar\u015f\u0131 askeri operasyonlar\u0131 takip ederken \u015fehit d\u00fc\u015ft\u00fc.<\/p>\n<p>Saha kaynaklar\u0131 SANA\u2019ya a\u00e7\u0131klamalar\u0131nda sava\u015f muhabiri Allav\u2019\u0131n Halep k\u0131rsal\u0131n\u0131n g\u00fcneyi Eys Beldesi kenarlar\u0131nda d\u00fcn ordu operasyonlar\u0131n\u0131 takip edip mesleki g\u00f6revini icra etti\u011fi s\u0131rada \u015fehit d\u00fc\u015ft\u00fc\u011f\u00fcn\u00fc ifade etti.<\/p>\n<p>1994 y\u0131l\u0131nda Halep k\u0131rsal\u0131 N\u00fcbbul Beldesinde d\u00fcnyaya gelen gazeteci Allav; askeri muhabirlik e\u011fitimi almas\u0131 ard\u0131ndan Halep\u2019te muhtelif cephelerde ordu operasyonlar\u0131n\u0131 takip etti.<\/p>\n<p>R.H.<\/p>\n","protected":false},"excerpt":{"rendered":"<p>HALEP \u2013 Sava\u015f muhabiri Ali hasan Allav Halep k\u0131rsal\u0131n\u0131n g\u00fcneyinde uluslar aras\u0131 tekfirci ter\u00f6re kar\u015f\u0131 askeri operasyonlar\u0131 takip ederken \u015fehit d\u00fc\u015ft\u00fc. Saha kaynaklar\u0131 SANA\u2019ya a\u00e7\u0131klamalar\u0131nda sava\u015f muhabiri Allav\u2019\u0131n Halep k\u0131rsal\u0131n\u0131n g\u00fcneyi Eys Beldesi kenarlar\u0131nda d\u00fcn ordu operasyonlar\u0131n\u0131 takip edip mesleki g\u00f6revini icra etti\u011fi s\u0131rada \u015fehit d\u00fc\u015ft\u00fc\u011f\u00fcn\u00fc ifade etti. 1994 y\u0131l\u0131nda Halep k\u0131rsal\u0131 N\u00fcbbul Beldesinde d\u00fcnyaya &hellip;<\/p>\n","protected":false},"author":1,"featured_media":68668,"comment_status":"closed","ping_status":"closed","sticky":false,"template":"","format":"standard","meta":{"footnotes":""},"categories":[479,575,17988,478],"tags":[17789],"class_list":["post-68663","post","type-post","status-publish","format-standard","has-post-thumbnail","","category-haberler-yerel","category-olaylar-ve-gercekler","category-son-haberler","category-yerel","tag-savas-muhabiri-sehit-dustu"],"_links":{"self":[{"href":"https:\/\/archive.sana.sy\/tr\/index.php?rest_route=\/wp\/v2\/posts\/68663","targetHints":{"allow":["GET"]}}],"collection":[{"href":"https:\/\/archive.sana.sy\/tr\/index.php?rest_route=\/wp\/v2\/posts"}],"about":[{"href":"https:\/\/archive.sana.sy\/tr\/index.php?rest_route=\/wp\/v2\/types\/post"}],"author":[{"embeddable":true,"href":"https:\/\/archive.sana.sy\/tr\/index.php?rest_route=\/wp\/v2\/users\/1"}],"replies":[{"embeddable":true,"href":"https:\/\/archive.sana.sy\/tr\/index.php?rest_route=%2Fwp%2Fv2%2Fcomments&post=68663"}],"version-history":[{"count":0,"href":"https:\/\/archive.sana.sy\/tr\/index.php?rest_route=\/wp\/v2\/posts\/68663\/revisions"}],"wp:featuredmedia":[{"embeddable":true,"href":"https:\/\/archive.sana.sy\/tr\/index.php?rest_route=\/wp\/v2\/media\/68668"}],"wp:attachment":[{"href":"https:\/\/archive.sana.sy\/tr\/index.php?rest_route=%2Fwp%2Fv2%2Fmedia&parent=68663"}],"wp:term":[{"taxonomy":"category","embeddable":true,"href":"https:\/\/archive.sana.sy\/tr\/index.php?rest_route=%2Fwp%2Fv2%2Fcategories&post=68663"},{"taxonomy":"post_tag","embeddable":true,"href":"https:\/\/archive.sana.sy\/tr\/index.php?rest_route=%2Fwp%2Fv2%2Ftags&post=68663"}],"curies":[{"name":"wp","href":"https:\/\/api.w.org\/{rel}","templated":true}]}}