{"id":68713,"date":"2016-04-13T11:35:12","date_gmt":"2016-04-13T08:35:12","guid":{"rendered":"http:\/\/www.sana.sy\/tr\/?p=68713"},"modified":"2016-04-13T12:16:39","modified_gmt":"2016-04-13T09:16:39","slug":"basbakan-halaki-oy-kullanmasi-ardindan-basina-yaptigi-aciklamada-suriye-ordusunun-terore-karsi-basarilarina-es-zamanli-olarak-halkin-secme-hakkini-kullanma-ve-milletvekillerini-secmeye-gosterdikleri","status":"publish","type":"post","link":"https:\/\/archive.sana.sy\/tr\/?p=68713","title":{"rendered":"Ba\u015fbakan Halaki oy kullanmas\u0131 ard\u0131ndan bas\u0131na yapt\u0131\u011f\u0131 a\u00e7\u0131klamada; Suriye ordusunun ter\u00f6re kar\u015f\u0131 ba\u015far\u0131lar\u0131na e\u015f zamanl\u0131 olarak halk\u0131n se\u00e7me hakk\u0131n\u0131 kullanma ve milletvekillerini se\u00e7meye g\u00f6sterdikleri yo\u011fun ilginin vatan\u0131 yap\u0131land\u0131rma \u0131srar\u0131 ve azmini yans\u0131tt\u0131\u011f\u0131n\u0131 belirtti"},"content":{"rendered":"<p>Ba\u015fbakan Halaki oy kullanmas\u0131 ard\u0131ndan bas\u0131na yapt\u0131\u011f\u0131 a\u00e7\u0131klamada; Suriye ordusunun ter\u00f6re kar\u015f\u0131 ba\u015far\u0131lar\u0131na e\u015f zamanl\u0131 olarak halk\u0131n se\u00e7me hakk\u0131n\u0131 kullanma ve milletvekillerini se\u00e7meye g\u00f6sterdikleri yo\u011fun ilginin vatan\u0131 yap\u0131land\u0131rma \u0131srar\u0131 ve azmini yans\u0131tt\u0131\u011f\u0131n\u0131 belirtti<\/p>\n","protected":false},"excerpt":{"rendered":"<p>Ba\u015fbakan Halaki oy kullanmas\u0131 ard\u0131ndan bas\u0131na yapt\u0131\u011f\u0131 a\u00e7\u0131klamada; Suriye ordusunun ter\u00f6re kar\u015f\u0131 ba\u015far\u0131lar\u0131na e\u015f zamanl\u0131 olarak halk\u0131n se\u00e7me hakk\u0131n\u0131 kullanma ve milletvekillerini se\u00e7meye g\u00f6sterdikleri yo\u011fun ilginin vatan\u0131 yap\u0131land\u0131rma \u0131srar\u0131 ve azmini yans\u0131tt\u0131\u011f\u0131n\u0131 belirtti<\/p>\n","protected":false},"author":1,"featured_media":0,"comment_status":"closed","ping_status":"closed","sticky":false,"template":"","format":"standard","meta":{"footnotes":""},"categories":[17991],"tags":[],"class_list":["post-68713","post","type-post","status-publish","format-standard","","category-son-dakika"],"_links":{"self":[{"href":"https:\/\/archive.sana.sy\/tr\/index.php?rest_route=\/wp\/v2\/posts\/68713","targetHints":{"allow":["GET"]}}],"collection":[{"href":"https:\/\/archive.sana.sy\/tr\/index.php?rest_route=\/wp\/v2\/posts"}],"about":[{"href":"https:\/\/archive.sana.sy\/tr\/index.php?rest_route=\/wp\/v2\/types\/post"}],"author":[{"embeddable":true,"href":"https:\/\/archive.sana.sy\/tr\/index.php?rest_route=\/wp\/v2\/users\/1"}],"replies":[{"embeddable":true,"href":"https:\/\/archive.sana.sy\/tr\/index.php?rest_route=%2Fwp%2Fv2%2Fcomments&post=68713"}],"version-history":[{"count":0,"href":"https:\/\/archive.sana.sy\/tr\/index.php?rest_route=\/wp\/v2\/posts\/68713\/revisions"}],"wp:attachment":[{"href":"https:\/\/archive.sana.sy\/tr\/index.php?rest_route=%2Fwp%2Fv2%2Fmedia&parent=68713"}],"wp:term":[{"taxonomy":"category","embeddable":true,"href":"https:\/\/archive.sana.sy\/tr\/index.php?rest_route=%2Fwp%2Fv2%2Fcategories&post=68713"},{"taxonomy":"post_tag","embeddable":true,"href":"https:\/\/archive.sana.sy\/tr\/index.php?rest_route=%2Fwp%2Fv2%2Ftags&post=68713"}],"curies":[{"name":"wp","href":"https:\/\/api.w.org\/{rel}","templated":true}]}}