{"id":68720,"date":"2016-04-13T14:16:45","date_gmt":"2016-04-13T11:16:45","guid":{"rendered":"http:\/\/sana.sy\/tr\/?p=68720"},"modified":"2016-04-15T14:27:45","modified_gmt":"2016-04-15T11:27:45","slug":"basbakan-ve-bakanlar-oylarini-kullandi","status":"publish","type":"post","link":"https:\/\/archive.sana.sy\/tr\/?p=68720","title":{"rendered":"Ba\u015fbakan ve Bakanlar Oylar\u0131n\u0131 Kulland\u0131"},"content":{"rendered":"<p>\u015eAM \u2013 Suriye genelinde Halk Meclisi se\u00e7imlerine kitlesel b\u00fcy\u00fck bir kat\u0131l\u0131m sa\u011flan\u0131rken, Ba\u015fbakan Vail el Halaki ve bakanlar da oylar\u0131n\u0131 kulland\u0131lar.<\/p>\n<p>Ba\u015fbakan Halaki oy kullanmas\u0131 ard\u0131ndan bas\u0131na yapt\u0131\u011f\u0131 a\u00e7\u0131klamada; Suriye ordusunun ter\u00f6re kar\u015f\u0131 ba\u015far\u0131lar\u0131na e\u015f zamanl\u0131 olarak halk\u0131n se\u00e7me hakk\u0131n\u0131 kullanma ve milletvekillerini se\u00e7meye g\u00f6sterdikleri yo\u011fun ilginin vatan\u0131 yap\u0131land\u0131rma \u0131srar\u0131 ve azmini yans\u0131tt\u0131\u011f\u0131n\u0131 belirtti.<\/p>\n<p>Ba\u015fbakan Yard\u0131mc\u0131s\u0131 D\u0131\u015fi\u015fleri ve Gurbet\u00e7iler Bakan\u0131 Velid el Muallim oy kullanmas\u0131 ard\u0131ndan bas\u0131na yapt\u0131\u011f\u0131 a\u00e7\u0131klamada; Suriye&#8217;nin her daim, Suriye halk\u0131n\u0131n kendi gelece\u011fini kendisi belirleyece\u011fini belirtti\u011fini, halk\u0131n da bug\u00fcn bu s\u00f6ylemi kan\u0131tlad\u0131\u011f\u0131n\u0131 ifade etti.<\/p>\n<p>Muallim Suriye halk\u0131n\u0131 se\u00e7me hakk\u0131n\u0131 kullanmakla t\u00fcm d\u00fcnyaya a\u00e7\u0131k ve net olan bu mesaj\u0131n\u0131 peki\u015ftirmesine davet etti.<\/p>\n<div id='gallery-1' class='gallery galleryid-68720 gallery-columns-3 gallery-size-medium'><figure class='gallery-item'>\n\t\t\t<div class='gallery-icon landscape'>\n\t\t\t\t<a href='https:\/\/archive.sana.sy\/tr\/wp-content\/uploads\/2016\/04\/AMR_4319.jpg'><img loading=\"lazy\" decoding=\"async\" width=\"300\" height=\"181\" src=\"https:\/\/archive.sana.sy\/tr\/wp-content\/uploads\/2016\/04\/AMR_4319-300x181.jpg\" class=\"attachment-medium size-medium\" alt=\"\" srcset=\"https:\/\/archive.sana.sy\/tr\/wp-content\/uploads\/2016\/04\/AMR_4319-300x181.jpg 300w, https:\/\/archive.sana.sy\/tr\/wp-content\/uploads\/2016\/04\/AMR_4319-150x91.jpg 150w, https:\/\/archive.sana.sy\/tr\/wp-content\/uploads\/2016\/04\/AMR_4319-768x464.jpg 768w, https:\/\/archive.sana.sy\/tr\/wp-content\/uploads\/2016\/04\/AMR_4319-1024x618.jpg 1024w\" sizes=\"auto, (max-width: 300px) 100vw, 300px\" \/><\/a>\n\t\t\t<\/div><\/figure><figure class='gallery-item'>\n\t\t\t<div class='gallery-icon landscape'>\n\t\t\t\t<a href='https:\/\/archive.sana.sy\/tr\/wp-content\/uploads\/2016\/04\/AMR_4326.jpg'><img loading=\"lazy\" decoding=\"async\" width=\"300\" height=\"200\" src=\"https:\/\/archive.sana.sy\/tr\/wp-content\/uploads\/2016\/04\/AMR_4326-300x200.jpg\" class=\"attachment-medium size-medium\" alt=\"\" srcset=\"https:\/\/archive.sana.sy\/tr\/wp-content\/uploads\/2016\/04\/AMR_4326-300x200.jpg 300w, https:\/\/archive.sana.sy\/tr\/wp-content\/uploads\/2016\/04\/AMR_4326-150x100.jpg 150w, https:\/\/archive.sana.sy\/tr\/wp-content\/uploads\/2016\/04\/AMR_4326-768x511.jpg 768w, https:\/\/archive.sana.sy\/tr\/wp-content\/uploads\/2016\/04\/AMR_4326-1024x681.jpg 1024w\" sizes=\"auto, (max-width: 300px) 100vw, 300px\" \/><\/a>\n\t\t\t<\/div><\/figure><figure class='gallery-item'>\n\t\t\t<div class='gallery-icon landscape'>\n\t\t\t\t<a href='https:\/\/archive.sana.sy\/tr\/wp-content\/uploads\/2016\/04\/AMR_4350.jpg'><img loading=\"lazy\" decoding=\"async\" width=\"300\" height=\"200\" src=\"https:\/\/archive.sana.sy\/tr\/wp-content\/uploads\/2016\/04\/AMR_4350-300x200.jpg\" class=\"attachment-medium size-medium\" alt=\"\" srcset=\"https:\/\/archive.sana.sy\/tr\/wp-content\/uploads\/2016\/04\/AMR_4350-300x200.jpg 300w, https:\/\/archive.sana.sy\/tr\/wp-content\/uploads\/2016\/04\/AMR_4350-150x100.jpg 150w, https:\/\/archive.sana.sy\/tr\/wp-content\/uploads\/2016\/04\/AMR_4350-768x511.jpg 768w, https:\/\/archive.sana.sy\/tr\/wp-content\/uploads\/2016\/04\/AMR_4350-1024x681.jpg 1024w\" sizes=\"auto, (max-width: 300px) 100vw, 300px\" \/><\/a>\n\t\t\t<\/div><\/figure>\n\t\t<\/div>\n\n<p>Bu arada ordu ve silahl\u0131 kuvvetler muhtelif birlikleriyle Halk Meclisi se\u00e7imlerine askeri kurumlarda kat\u0131l\u0131rken; Genel Komutan Yard\u0131mc\u0131s\u0131 ve Savunma Bakan\u0131 Korgeneral Fahd Casim el Freyc Genel Komutanl\u0131k Binas\u0131ndaki se\u00e7im merkezinde oy kulland\u0131.<\/p>\n<div id='gallery-2' class='gallery galleryid-68720 gallery-columns-3 gallery-size-thumbnail'><figure class='gallery-item'>\n\t\t\t<div class='gallery-icon landscape'>\n\t\t\t\t<a href='https:\/\/archive.sana.sy\/tr\/wp-content\/uploads\/2016\/04\/0-7.jpg'><img loading=\"lazy\" decoding=\"async\" width=\"150\" height=\"75\" src=\"https:\/\/archive.sana.sy\/tr\/wp-content\/uploads\/2016\/04\/0-7-150x75.jpg\" class=\"attachment-thumbnail size-thumbnail\" alt=\"\" srcset=\"https:\/\/archive.sana.sy\/tr\/wp-content\/uploads\/2016\/04\/0-7-150x75.jpg 150w, https:\/\/archive.sana.sy\/tr\/wp-content\/uploads\/2016\/04\/0-7-300x150.jpg 300w, https:\/\/archive.sana.sy\/tr\/wp-content\/uploads\/2016\/04\/0-7.jpg 660w\" sizes=\"auto, (max-width: 150px) 100vw, 150px\" \/><\/a>\n\t\t\t<\/div><\/figure><figure class='gallery-item'>\n\t\t\t<div class='gallery-icon landscape'>\n\t\t\t\t<a href='https:\/\/archive.sana.sy\/tr\/wp-content\/uploads\/2016\/04\/DSC_0437.jpg'><img loading=\"lazy\" decoding=\"async\" width=\"150\" height=\"100\" src=\"https:\/\/archive.sana.sy\/tr\/wp-content\/uploads\/2016\/04\/DSC_0437-150x100.jpg\" class=\"attachment-thumbnail size-thumbnail\" alt=\"\" srcset=\"https:\/\/archive.sana.sy\/tr\/wp-content\/uploads\/2016\/04\/DSC_0437-150x100.jpg 150w, https:\/\/archive.sana.sy\/tr\/wp-content\/uploads\/2016\/04\/DSC_0437-300x199.jpg 300w, https:\/\/archive.sana.sy\/tr\/wp-content\/uploads\/2016\/04\/DSC_0437-768x510.jpg 768w, https:\/\/archive.sana.sy\/tr\/wp-content\/uploads\/2016\/04\/DSC_0437-1024x680.jpg 1024w, https:\/\/archive.sana.sy\/tr\/wp-content\/uploads\/2016\/04\/DSC_0437-310x205.jpg 310w\" sizes=\"auto, (max-width: 150px) 100vw, 150px\" \/><\/a>\n\t\t\t<\/div><\/figure><figure class='gallery-item'>\n\t\t\t<div class='gallery-icon landscape'>\n\t\t\t\t<a href='https:\/\/archive.sana.sy\/tr\/wp-content\/uploads\/2016\/04\/DSC_0399.jpg'><img loading=\"lazy\" decoding=\"async\" width=\"150\" height=\"102\" src=\"https:\/\/archive.sana.sy\/tr\/wp-content\/uploads\/2016\/04\/DSC_0399-150x102.jpg\" class=\"attachment-thumbnail size-thumbnail\" alt=\"\" srcset=\"https:\/\/archive.sana.sy\/tr\/wp-content\/uploads\/2016\/04\/DSC_0399-150x102.jpg 150w, https:\/\/archive.sana.sy\/tr\/wp-content\/uploads\/2016\/04\/DSC_0399-300x204.jpg 300w, https:\/\/archive.sana.sy\/tr\/wp-content\/uploads\/2016\/04\/DSC_0399-768x522.jpg 768w, https:\/\/archive.sana.sy\/tr\/wp-content\/uploads\/2016\/04\/DSC_0399-1024x696.jpg 1024w, https:\/\/archive.sana.sy\/tr\/wp-content\/uploads\/2016\/04\/DSC_0399-110x75.jpg 110w\" sizes=\"auto, (max-width: 150px) 100vw, 150px\" \/><\/a>\n\t\t\t<\/div><\/figure>\n\t\t<\/div>\n\n<p>R.H.<\/p>\n<p>&nbsp;<\/p>\n","protected":false},"excerpt":{"rendered":"<p>\u015eAM \u2013 Suriye genelinde Halk Meclisi se\u00e7imlerine kitlesel b\u00fcy\u00fck bir kat\u0131l\u0131m sa\u011flan\u0131rken, Ba\u015fbakan Vail el Halaki ve bakanlar da oylar\u0131n\u0131 kulland\u0131lar. Ba\u015fbakan Halaki oy kullanmas\u0131 ard\u0131ndan bas\u0131na yapt\u0131\u011f\u0131 a\u00e7\u0131klamada; Suriye ordusunun ter\u00f6re kar\u015f\u0131 ba\u015far\u0131lar\u0131na e\u015f zamanl\u0131 olarak halk\u0131n se\u00e7me hakk\u0131n\u0131 kullanma ve milletvekillerini se\u00e7meye g\u00f6sterdikleri yo\u011fun ilginin vatan\u0131 yap\u0131land\u0131rma \u0131srar\u0131 ve azmini yans\u0131tt\u0131\u011f\u0131n\u0131 belirtti. Ba\u015fbakan &hellip;<\/p>\n","protected":false},"author":1,"featured_media":68735,"comment_status":"closed","ping_status":"closed","sticky":false,"template":"","format":"standard","meta":{"footnotes":""},"categories":[479,17988,478],"tags":[20492],"class_list":["post-68720","post","type-post","status-publish","format-standard","has-post-thumbnail","","category-haberler-yerel","category-son-haberler","category-yerel","tag-basbakan-ve-bakanlar-oylarini-kullandi"],"_links":{"self":[{"href":"https:\/\/archive.sana.sy\/tr\/index.php?rest_route=\/wp\/v2\/posts\/68720","targetHints":{"allow":["GET"]}}],"collection":[{"href":"https:\/\/archive.sana.sy\/tr\/index.php?rest_route=\/wp\/v2\/posts"}],"about":[{"href":"https:\/\/archive.sana.sy\/tr\/index.php?rest_route=\/wp\/v2\/types\/post"}],"author":[{"embeddable":true,"href":"https:\/\/archive.sana.sy\/tr\/index.php?rest_route=\/wp\/v2\/users\/1"}],"replies":[{"embeddable":true,"href":"https:\/\/archive.sana.sy\/tr\/index.php?rest_route=%2Fwp%2Fv2%2Fcomments&post=68720"}],"version-history":[{"count":0,"href":"https:\/\/archive.sana.sy\/tr\/index.php?rest_route=\/wp\/v2\/posts\/68720\/revisions"}],"wp:featuredmedia":[{"embeddable":true,"href":"https:\/\/archive.sana.sy\/tr\/index.php?rest_route=\/wp\/v2\/media\/68735"}],"wp:attachment":[{"href":"https:\/\/archive.sana.sy\/tr\/index.php?rest_route=%2Fwp%2Fv2%2Fmedia&parent=68720"}],"wp:term":[{"taxonomy":"category","embeddable":true,"href":"https:\/\/archive.sana.sy\/tr\/index.php?rest_route=%2Fwp%2Fv2%2Fcategories&post=68720"},{"taxonomy":"post_tag","embeddable":true,"href":"https:\/\/archive.sana.sy\/tr\/index.php?rest_route=%2Fwp%2Fv2%2Ftags&post=68720"}],"curies":[{"name":"wp","href":"https:\/\/api.w.org\/{rel}","templated":true}]}}