{"id":68724,"date":"2016-04-12T20:00:12","date_gmt":"2016-04-12T17:00:12","guid":{"rendered":"http:\/\/sana.sy\/tr\/?p=68724"},"modified":"2016-04-13T12:28:01","modified_gmt":"2016-04-13T09:28:01","slug":"churkin-turkiye-suriyeli-suriyeli-gorusmelerini-sabote-etme-cabasinda","status":"publish","type":"post","link":"https:\/\/archive.sana.sy\/tr\/?p=68724","title":{"rendered":"Churkin: T\u00fcrkiye Suriyeli-Suriyeli G\u00f6r\u00fc\u015fmelerini Sabote Etme \u00c7abas\u0131nda"},"content":{"rendered":"<p>MOSKOVA \u2013 Rusya\u2019n\u0131n BM Daimi Temsilcisi VitalyChurkin, T\u00fcrkiye\u2019nin Cenevre\u2019deki Suriyeli-Suriyeli diyalog g\u00f6r\u00fc\u015fmelerini sabote etmekle tehdit etti\u011fini dile getirdi.<\/p>\n<p>Rusya Today \u0130nternet sitesi bug\u00fcn yay\u0131nlad\u0131\u011f\u0131 haberde Uluslararas\u0131 G\u00fcvenlik Konseyinin kapal\u0131 olarak d\u00fczenledi\u011fi toplant\u0131 bitiminde Churkin\u2019in gazetecilere yapt\u0131\u011f\u0131 a\u00e7\u0131klamada T\u00fcrkiye\u2019nin, Cenevre\u2019de d\u00fczenlenecek Suriyeli-Suriyeli g\u00f6r\u00fc\u015fmelerine K\u00fcrtlerin kat\u0131lmas\u0131 durumunda g\u00f6r\u00fc\u015fmeleri sabote edeceklerini s\u00f6ylediklerini ifade etti\u011fini aktard\u0131.<\/p>\n<p>K\u00fcrtlerin, Suriyeli-Suriyeli g\u00f6r\u00fc\u015fmelerine kat\u0131lmas\u0131 ile ilgili problemlerin kayna\u011f\u0131n\u0131n T\u00fcrkiye oldu\u011funu hat\u0131rlatan Churkin; Moskova\u2019n\u0131n T\u00fcrkiyeli temsilciler taraf\u0131ndan sergilenen bu tutumu mant\u0131kl\u0131 bulmad\u0131\u011f\u0131na dikkat \u00e7ekti.<\/p>\n<p>F.B. &#8211; R.H.<\/p>\n","protected":false},"excerpt":{"rendered":"<p>MOSKOVA \u2013 Rusya\u2019n\u0131n BM Daimi Temsilcisi VitalyChurkin, T\u00fcrkiye\u2019nin Cenevre\u2019deki Suriyeli-Suriyeli diyalog g\u00f6r\u00fc\u015fmelerini sabote etmekle tehdit etti\u011fini dile getirdi. Rusya Today \u0130nternet sitesi bug\u00fcn yay\u0131nlad\u0131\u011f\u0131 haberde Uluslararas\u0131 G\u00fcvenlik Konseyinin kapal\u0131 olarak d\u00fczenledi\u011fi toplant\u0131 bitiminde Churkin\u2019in gazetecilere yapt\u0131\u011f\u0131 a\u00e7\u0131klamada T\u00fcrkiye\u2019nin, Cenevre\u2019de d\u00fczenlenecek Suriyeli-Suriyeli g\u00f6r\u00fc\u015fmelerine K\u00fcrtlerin kat\u0131lmas\u0131 durumunda g\u00f6r\u00fc\u015fmeleri sabote edeceklerini s\u00f6ylediklerini ifade etti\u011fini aktard\u0131. K\u00fcrtlerin, Suriyeli-Suriyeli g\u00f6r\u00fc\u015fmelerine &hellip;<\/p>\n","protected":false},"author":1,"featured_media":61047,"comment_status":"closed","ping_status":"closed","sticky":false,"template":"","format":"standard","meta":{"footnotes":""},"categories":[458,459,17988],"tags":[20493],"class_list":["post-68724","post","type-post","status-publish","format-standard","has-post-thumbnail","","category-dunya1","category-haberler-arap-uluslararasi-politika","category-son-haberler","tag-churkin-turkiye-suriyeli-suriyeli-gorusmelerini-sabote-etme-cabasinda"],"_links":{"self":[{"href":"https:\/\/archive.sana.sy\/tr\/index.php?rest_route=\/wp\/v2\/posts\/68724","targetHints":{"allow":["GET"]}}],"collection":[{"href":"https:\/\/archive.sana.sy\/tr\/index.php?rest_route=\/wp\/v2\/posts"}],"about":[{"href":"https:\/\/archive.sana.sy\/tr\/index.php?rest_route=\/wp\/v2\/types\/post"}],"author":[{"embeddable":true,"href":"https:\/\/archive.sana.sy\/tr\/index.php?rest_route=\/wp\/v2\/users\/1"}],"replies":[{"embeddable":true,"href":"https:\/\/archive.sana.sy\/tr\/index.php?rest_route=%2Fwp%2Fv2%2Fcomments&post=68724"}],"version-history":[{"count":0,"href":"https:\/\/archive.sana.sy\/tr\/index.php?rest_route=\/wp\/v2\/posts\/68724\/revisions"}],"wp:featuredmedia":[{"embeddable":true,"href":"https:\/\/archive.sana.sy\/tr\/index.php?rest_route=\/wp\/v2\/media\/61047"}],"wp:attachment":[{"href":"https:\/\/archive.sana.sy\/tr\/index.php?rest_route=%2Fwp%2Fv2%2Fmedia&parent=68724"}],"wp:term":[{"taxonomy":"category","embeddable":true,"href":"https:\/\/archive.sana.sy\/tr\/index.php?rest_route=%2Fwp%2Fv2%2Fcategories&post=68724"},{"taxonomy":"post_tag","embeddable":true,"href":"https:\/\/archive.sana.sy\/tr\/index.php?rest_route=%2Fwp%2Fv2%2Ftags&post=68724"}],"curies":[{"name":"wp","href":"https:\/\/api.w.org\/{rel}","templated":true}]}}