{"id":68727,"date":"2016-04-13T14:15:00","date_gmt":"2016-04-13T11:15:00","guid":{"rendered":"http:\/\/sana.sy\/tr\/?p=68727"},"modified":"2016-04-15T14:27:51","modified_gmt":"2016-04-15T11:27:51","slug":"secimler-buyuk-bir-ilgiyle-normal-olarak-seyir-ediyor","status":"publish","type":"post","link":"https:\/\/archive.sana.sy\/tr\/?p=68727","title":{"rendered":"Se\u00e7imler B\u00fcy\u00fck Bir \u0130lgiyle Normal Olarak Seyir Ediyor"},"content":{"rendered":"<p>\u015eAM \u2013 Se\u00e7im Y\u00fcksek Yarg\u0131 Komisyonu Ba\u015fkan\u0131 Yarg\u0131\u00e7 Hi\u015fam \u015eear milletvekili se\u00e7imlerinde oy kullanma s\u00fcrecinin gayet iyi bir \u015fekilde seyir etti\u011fini belirtti.<\/p>\n<p>\u015eear SANA\u2019ya a\u00e7\u0131klamas\u0131nda \u015fu ana dek hi\u00e7bir \u015fikayet ya da olay\u0131n olmad\u0131\u011f\u0131n\u0131, halk\u0131n da se\u00e7imlere b\u00fcy\u00fck ilgi g\u00f6sterdi\u011fini belirtti.<\/p>\n<p>R.H.<\/p>\n","protected":false},"excerpt":{"rendered":"<p>\u015eAM \u2013 Se\u00e7im Y\u00fcksek Yarg\u0131 Komisyonu Ba\u015fkan\u0131 Yarg\u0131\u00e7 Hi\u015fam \u015eear milletvekili se\u00e7imlerinde oy kullanma s\u00fcrecinin gayet iyi bir \u015fekilde seyir etti\u011fini belirtti. \u015eear SANA\u2019ya a\u00e7\u0131klamas\u0131nda \u015fu ana dek hi\u00e7bir \u015fikayet ya da olay\u0131n olmad\u0131\u011f\u0131n\u0131, halk\u0131n da se\u00e7imlere b\u00fcy\u00fck ilgi g\u00f6sterdi\u011fini belirtti. R.H.<\/p>\n","protected":false},"author":1,"featured_media":68772,"comment_status":"closed","ping_status":"closed","sticky":false,"template":"","format":"standard","meta":{"footnotes":""},"categories":[479,17988,478],"tags":[20494],"class_list":["post-68727","post","type-post","status-publish","format-standard","has-post-thumbnail","","category-haberler-yerel","category-son-haberler","category-yerel","tag-secimler-buyuk-bir-ilgiyle-normal-olarak-seyir-ediyor"],"_links":{"self":[{"href":"https:\/\/archive.sana.sy\/tr\/index.php?rest_route=\/wp\/v2\/posts\/68727","targetHints":{"allow":["GET"]}}],"collection":[{"href":"https:\/\/archive.sana.sy\/tr\/index.php?rest_route=\/wp\/v2\/posts"}],"about":[{"href":"https:\/\/archive.sana.sy\/tr\/index.php?rest_route=\/wp\/v2\/types\/post"}],"author":[{"embeddable":true,"href":"https:\/\/archive.sana.sy\/tr\/index.php?rest_route=\/wp\/v2\/users\/1"}],"replies":[{"embeddable":true,"href":"https:\/\/archive.sana.sy\/tr\/index.php?rest_route=%2Fwp%2Fv2%2Fcomments&post=68727"}],"version-history":[{"count":0,"href":"https:\/\/archive.sana.sy\/tr\/index.php?rest_route=\/wp\/v2\/posts\/68727\/revisions"}],"wp:featuredmedia":[{"embeddable":true,"href":"https:\/\/archive.sana.sy\/tr\/index.php?rest_route=\/wp\/v2\/media\/68772"}],"wp:attachment":[{"href":"https:\/\/archive.sana.sy\/tr\/index.php?rest_route=%2Fwp%2Fv2%2Fmedia&parent=68727"}],"wp:term":[{"taxonomy":"category","embeddable":true,"href":"https:\/\/archive.sana.sy\/tr\/index.php?rest_route=%2Fwp%2Fv2%2Fcategories&post=68727"},{"taxonomy":"post_tag","embeddable":true,"href":"https:\/\/archive.sana.sy\/tr\/index.php?rest_route=%2Fwp%2Fv2%2Ftags&post=68727"}],"curies":[{"name":"wp","href":"https:\/\/api.w.org\/{rel}","templated":true}]}}