{"id":68734,"date":"2016-04-13T12:54:15","date_gmt":"2016-04-13T09:54:15","guid":{"rendered":"http:\/\/www.sana.sy\/tr\/?p=68734"},"modified":"2016-04-13T13:04:51","modified_gmt":"2016-04-13T10:04:51","slug":"rusya-baskanlik-sarayi-kremlinin-sozcusu-dmitry-peskov-rusyanin-suriyedeki-krizin-siyasi-cozumunde-sabit-ve-tek-bir-plani-bulundugunu-vurgularken-bu-planda-siyasi-cozumun-saglanmasi-ve-terorle-mu","status":"publish","type":"post","link":"https:\/\/archive.sana.sy\/tr\/?p=68734","title":{"rendered":"Rusya Ba\u015fkanl\u0131k Saray\u0131 Kremlinin s\u00f6zc\u00fcs\u00fc Dmitry Peskov Rusya&#8217;n\u0131n Suriye&#8217;deki krizin siyasi \u00e7\u00f6z\u00fcm\u00fcnde sabit ve tek bir plan\u0131 bulundu\u011funu vurgularken, bu planda siyasi \u00e7\u00f6z\u00fcm\u00fcn sa\u011flanmas\u0131 ve ter\u00f6rle m\u00fccadele y\u00f6n\u00fcnde her \u00e7abay\u0131 harcamakla birlikte me\u015fru h\u00fck\u00fcmeti desteklemeye dayal\u0131 oldu\u011funun alt\u0131n\u0131 \u00e7izdi"},"content":{"rendered":"<p>Rusya Ba\u015fkanl\u0131k Saray\u0131 Kremlinin s\u00f6zc\u00fcs\u00fc Dmitry Peskov Rusya&#8217;n\u0131n Suriye&#8217;deki krizin siyasi \u00e7\u00f6z\u00fcm\u00fcnde sabit ve tek bir plan\u0131 bulundu\u011funu vurgularken, bu planda siyasi \u00e7\u00f6z\u00fcm\u00fcn sa\u011flanmas\u0131 ve ter\u00f6rle m\u00fccadele y\u00f6n\u00fcnde her \u00e7abay\u0131 harcamakla birlikte me\u015fru h\u00fck\u00fcmeti desteklemeye dayal\u0131 oldu\u011funun alt\u0131n\u0131 \u00e7izdi<\/p>\n","protected":false},"excerpt":{"rendered":"<p>Rusya Ba\u015fkanl\u0131k Saray\u0131 Kremlinin s\u00f6zc\u00fcs\u00fc Dmitry Peskov Rusya&#8217;n\u0131n Suriye&#8217;deki krizin siyasi \u00e7\u00f6z\u00fcm\u00fcnde sabit ve tek bir plan\u0131 bulundu\u011funu vurgularken, bu planda siyasi \u00e7\u00f6z\u00fcm\u00fcn sa\u011flanmas\u0131 ve ter\u00f6rle m\u00fccadele y\u00f6n\u00fcnde her \u00e7abay\u0131 harcamakla birlikte me\u015fru h\u00fck\u00fcmeti desteklemeye dayal\u0131 oldu\u011funun alt\u0131n\u0131 \u00e7izdi<\/p>\n","protected":false},"author":1,"featured_media":0,"comment_status":"closed","ping_status":"closed","sticky":false,"template":"","format":"standard","meta":{"footnotes":""},"categories":[17991],"tags":[],"class_list":["post-68734","post","type-post","status-publish","format-standard","","category-son-dakika"],"_links":{"self":[{"href":"https:\/\/archive.sana.sy\/tr\/index.php?rest_route=\/wp\/v2\/posts\/68734","targetHints":{"allow":["GET"]}}],"collection":[{"href":"https:\/\/archive.sana.sy\/tr\/index.php?rest_route=\/wp\/v2\/posts"}],"about":[{"href":"https:\/\/archive.sana.sy\/tr\/index.php?rest_route=\/wp\/v2\/types\/post"}],"author":[{"embeddable":true,"href":"https:\/\/archive.sana.sy\/tr\/index.php?rest_route=\/wp\/v2\/users\/1"}],"replies":[{"embeddable":true,"href":"https:\/\/archive.sana.sy\/tr\/index.php?rest_route=%2Fwp%2Fv2%2Fcomments&post=68734"}],"version-history":[{"count":0,"href":"https:\/\/archive.sana.sy\/tr\/index.php?rest_route=\/wp\/v2\/posts\/68734\/revisions"}],"wp:attachment":[{"href":"https:\/\/archive.sana.sy\/tr\/index.php?rest_route=%2Fwp%2Fv2%2Fmedia&parent=68734"}],"wp:term":[{"taxonomy":"category","embeddable":true,"href":"https:\/\/archive.sana.sy\/tr\/index.php?rest_route=%2Fwp%2Fv2%2Fcategories&post=68734"},{"taxonomy":"post_tag","embeddable":true,"href":"https:\/\/archive.sana.sy\/tr\/index.php?rest_route=%2Fwp%2Fv2%2Ftags&post=68734"}],"curies":[{"name":"wp","href":"https:\/\/api.w.org\/{rel}","templated":true}]}}