{"id":68741,"date":"2016-04-12T22:00:30","date_gmt":"2016-04-12T19:00:30","guid":{"rendered":"http:\/\/sana.sy\/tr\/?p=68741"},"modified":"2016-04-13T13:03:20","modified_gmt":"2016-04-13T10:03:20","slug":"zoubi-secimler-anayasal-bir-basaridir-ve-butun-suriyelilerin-iradesini-yansitir","status":"publish","type":"post","link":"https:\/\/archive.sana.sy\/tr\/?p=68741","title":{"rendered":"Zoubi: Se\u00e7imler Anayasal Bir Ba\u015far\u0131d\u0131r ve B\u00fct\u00fcn Suriyelilerin \u0130radesini Yans\u0131t\u0131r"},"content":{"rendered":"<p>\u015eAM \u2013 Enformasyon Bakan\u0131 Omran el Zoubi, Halk Meclisi \u00dcyeleri Se\u00e7imlerinin anayasal bir ba\u015far\u0131 oldu\u011funu ifade ederek \u00fclke i\u00e7inde ve d\u0131\u015f\u0131nda b\u00fct\u00fcn Suriyelilerin bu se\u00e7imlere kat\u0131lmas\u0131n\u0131n \u00f6nemini vurgulad\u0131.<\/p>\n<p>Bu ak\u015fam Suriye Televizyonunda bir programa kat\u0131lan Zoubi, Suriye\u2019ye kar\u015f\u0131 a\u00e7\u0131lan uluslararas\u0131 sava\u015f\u0131n ba\u015flamas\u0131ndan be\u015f y\u0131l sonra d\u00fczenlenen bu se\u00e7imlerin b\u00fct\u00fcn Suriyeliler i\u00e7in b\u00fcy\u00fck bir \u00f6nem ta\u015f\u0131d\u0131\u011f\u0131na i\u015faret ederek her Suriyelinin, uluslararas\u0131 destekli ter\u00f6r sald\u0131r\u0131lar\u0131, ekonomik yapt\u0131r\u0131mlar, ac\u0131 ve zorluklarla ge\u00e7en be\u015f senenin ard\u0131ndan \u00fclkenin siyasi gidi\u015fat\u0131yla ilgili tutumunu ifade etmek istedi\u011fini vurgulad\u0131.<\/p>\n<p>\u00dclkede ya\u015fanmakta olan krizin siyasi \u00e7\u00f6z\u00fcm s\u00fcrecinin anayasal ba\u015far\u0131lardan ayr\u0131 oldu\u011funa i\u015faret eden Zoubi, halk iradesinin en net \u015fekilde referandum ile yans\u0131t\u0131labilece\u011fini ve halka sunulan referandum ile onaylanan Suriye Arap Cumhuriyeti Anayasas\u0131n\u0131n b\u00fct\u00fcn Suriye halk\u0131n\u0131n iradesini yans\u0131tan bir cevher oldu\u011funu ibraz etti.<\/p>\n<p>Cenevre\u2019de ge\u00e7ti\u011fimiz aylarda ba\u015flat\u0131lan siyasi \u00e7\u00f6z\u00fcm s\u00fcreci ile ilgili sorulan bir soruya cevaben, Zoubi, Suriye\u2019nin siyasi s\u00fcrecin ba\u015far\u0131s\u0131n\u0131 istedi\u011fine dikkat \u00e7ekerek Suriye heyetinin Cenevre\u2019de g\u00f6r\u00fc\u015fmelerin ba\u015far\u0131l\u0131 olmas\u0131 i\u00e7in b\u00fcy\u00fck bir \u00e7aba harcad\u0131\u011f\u0131n\u0131 beyan etti.<\/p>\n<p>Zoubi; Suudi Arabistan ve T\u00fcrkiye rejimlerinin Suriye devletini vurma ama\u00e7l\u0131 \u0130srail ile temaslar\u0131 bulundu\u011funa i\u015faret ederek bas\u0131nda T\u00fcrkiye limanlar\u0131 ve hava alanlar\u0131 ile \u00dcrd\u00fcn ya da K\u0131z\u0131ldeniz limanlar\u0131na b\u00fcy\u00fck silah sevkiyatlar\u0131 yap\u0131ld\u0131\u011f\u0131na dair haberler bulundu\u011funu hat\u0131rlatt\u0131.<\/p>\n<p>R.H.<\/p>\n","protected":false},"excerpt":{"rendered":"<p>\u015eAM \u2013 Enformasyon Bakan\u0131 Omran el Zoubi, Halk Meclisi \u00dcyeleri Se\u00e7imlerinin anayasal bir ba\u015far\u0131 oldu\u011funu ifade ederek \u00fclke i\u00e7inde ve d\u0131\u015f\u0131nda b\u00fct\u00fcn Suriyelilerin bu se\u00e7imlere kat\u0131lmas\u0131n\u0131n \u00f6nemini vurgulad\u0131. Bu ak\u015fam Suriye Televizyonunda bir programa kat\u0131lan Zoubi, Suriye\u2019ye kar\u015f\u0131 a\u00e7\u0131lan uluslararas\u0131 sava\u015f\u0131n ba\u015flamas\u0131ndan be\u015f y\u0131l sonra d\u00fczenlenen bu se\u00e7imlerin b\u00fct\u00fcn Suriyeliler i\u00e7in b\u00fcy\u00fck bir \u00f6nem ta\u015f\u0131d\u0131\u011f\u0131na &hellip;<\/p>\n","protected":false},"author":1,"featured_media":68742,"comment_status":"closed","ping_status":"closed","sticky":false,"template":"","format":"standard","meta":{"footnotes":""},"categories":[479,17988,478],"tags":[17124,20497],"class_list":["post-68741","post","type-post","status-publish","format-standard","has-post-thumbnail","","category-haberler-yerel","category-son-haberler","category-yerel","tag-enformasyon-bakani-omran-el-zoubi","tag-zoubi-secimler-anayasal-bir-basaridir-ve-butun-suriyelilerin-iradesini-yansitir"],"_links":{"self":[{"href":"https:\/\/archive.sana.sy\/tr\/index.php?rest_route=\/wp\/v2\/posts\/68741","targetHints":{"allow":["GET"]}}],"collection":[{"href":"https:\/\/archive.sana.sy\/tr\/index.php?rest_route=\/wp\/v2\/posts"}],"about":[{"href":"https:\/\/archive.sana.sy\/tr\/index.php?rest_route=\/wp\/v2\/types\/post"}],"author":[{"embeddable":true,"href":"https:\/\/archive.sana.sy\/tr\/index.php?rest_route=\/wp\/v2\/users\/1"}],"replies":[{"embeddable":true,"href":"https:\/\/archive.sana.sy\/tr\/index.php?rest_route=%2Fwp%2Fv2%2Fcomments&post=68741"}],"version-history":[{"count":0,"href":"https:\/\/archive.sana.sy\/tr\/index.php?rest_route=\/wp\/v2\/posts\/68741\/revisions"}],"wp:featuredmedia":[{"embeddable":true,"href":"https:\/\/archive.sana.sy\/tr\/index.php?rest_route=\/wp\/v2\/media\/68742"}],"wp:attachment":[{"href":"https:\/\/archive.sana.sy\/tr\/index.php?rest_route=%2Fwp%2Fv2%2Fmedia&parent=68741"}],"wp:term":[{"taxonomy":"category","embeddable":true,"href":"https:\/\/archive.sana.sy\/tr\/index.php?rest_route=%2Fwp%2Fv2%2Fcategories&post=68741"},{"taxonomy":"post_tag","embeddable":true,"href":"https:\/\/archive.sana.sy\/tr\/index.php?rest_route=%2Fwp%2Fv2%2Ftags&post=68741"}],"curies":[{"name":"wp","href":"https:\/\/api.w.org\/{rel}","templated":true}]}}