{"id":68750,"date":"2016-04-13T13:20:14","date_gmt":"2016-04-13T10:20:14","guid":{"rendered":"http:\/\/www.sana.sy\/tr\/?p=68750"},"modified":"2016-04-13T13:16:44","modified_gmt":"2016-04-13T10:16:44","slug":"suriye-halkinin-tum-bu-yillar-icinde-soz-konusu-noktayi-irdeledigine-dikkat-ceken-el-esad-dolayisiyla-daha-once-ve-simdi-yapilan-secimlere-oldukca-buyuk-bir-ilgi-ve-katilim-sergilediginin-goruldugunu","status":"publish","type":"post","link":"https:\/\/archive.sana.sy\/tr\/?p=68750","title":{"rendered":"Suriye halk\u0131n\u0131n t\u00fcm bu y\u0131llar i\u00e7inde s\u00f6z konusu noktay\u0131 irdeledi\u011fine dikkat \u00e7eken el Esad; dolay\u0131s\u0131yla daha \u00f6nce ve \u015fimdi yap\u0131lan se\u00e7imlere olduk\u00e7a b\u00fcy\u00fck bir ilgi ve kat\u0131l\u0131m sergiledi\u011finin g\u00f6r\u00fcld\u00fc\u011f\u00fcn\u00fc s\u00f6yledi."},"content":{"rendered":"<p>Suriye halk\u0131n\u0131n t\u00fcm bu y\u0131llar i\u00e7inde s\u00f6z konusu noktay\u0131 irdeledi\u011fine dikkat \u00e7eken el Esad; dolay\u0131s\u0131yla daha \u00f6nce ve \u015fimdi yap\u0131lan se\u00e7imlere olduk\u00e7a b\u00fcy\u00fck bir ilgi ve kat\u0131l\u0131m sergiledi\u011finin g\u00f6r\u00fcld\u00fc\u011f\u00fcn\u00fc s\u00f6yledi.<\/p>\n","protected":false},"excerpt":{"rendered":"<p>Suriye halk\u0131n\u0131n t\u00fcm bu y\u0131llar i\u00e7inde s\u00f6z konusu noktay\u0131 irdeledi\u011fine dikkat \u00e7eken el Esad; dolay\u0131s\u0131yla daha \u00f6nce ve \u015fimdi yap\u0131lan se\u00e7imlere olduk\u00e7a b\u00fcy\u00fck bir ilgi ve kat\u0131l\u0131m sergiledi\u011finin g\u00f6r\u00fcld\u00fc\u011f\u00fcn\u00fc s\u00f6yledi.<\/p>\n","protected":false},"author":1,"featured_media":0,"comment_status":"closed","ping_status":"closed","sticky":false,"template":"","format":"standard","meta":{"footnotes":""},"categories":[17991],"tags":[],"class_list":["post-68750","post","type-post","status-publish","format-standard","","category-son-dakika"],"_links":{"self":[{"href":"https:\/\/archive.sana.sy\/tr\/index.php?rest_route=\/wp\/v2\/posts\/68750","targetHints":{"allow":["GET"]}}],"collection":[{"href":"https:\/\/archive.sana.sy\/tr\/index.php?rest_route=\/wp\/v2\/posts"}],"about":[{"href":"https:\/\/archive.sana.sy\/tr\/index.php?rest_route=\/wp\/v2\/types\/post"}],"author":[{"embeddable":true,"href":"https:\/\/archive.sana.sy\/tr\/index.php?rest_route=\/wp\/v2\/users\/1"}],"replies":[{"embeddable":true,"href":"https:\/\/archive.sana.sy\/tr\/index.php?rest_route=%2Fwp%2Fv2%2Fcomments&post=68750"}],"version-history":[{"count":0,"href":"https:\/\/archive.sana.sy\/tr\/index.php?rest_route=\/wp\/v2\/posts\/68750\/revisions"}],"wp:attachment":[{"href":"https:\/\/archive.sana.sy\/tr\/index.php?rest_route=%2Fwp%2Fv2%2Fmedia&parent=68750"}],"wp:term":[{"taxonomy":"category","embeddable":true,"href":"https:\/\/archive.sana.sy\/tr\/index.php?rest_route=%2Fwp%2Fv2%2Fcategories&post=68750"},{"taxonomy":"post_tag","embeddable":true,"href":"https:\/\/archive.sana.sy\/tr\/index.php?rest_route=%2Fwp%2Fv2%2Ftags&post=68750"}],"curies":[{"name":"wp","href":"https:\/\/api.w.org\/{rel}","templated":true}]}}