{"id":68752,"date":"2016-04-13T13:25:32","date_gmt":"2016-04-13T10:25:32","guid":{"rendered":"http:\/\/www.sana.sy\/tr\/?p=68752"},"modified":"2016-04-13T13:19:36","modified_gmt":"2016-04-13T10:19:36","slug":"bugun-yapilan-milletvekili-secimlerine-yogun-katilima-dikkat-ceken-el-esad-suriye-halkinin-butun-kesimleri-ve-bilesenleriyle-yogun-katilim-sergiledigini-bu-secimlerde-milletvekili-aday-sayisinin-da","status":"publish","type":"post","link":"https:\/\/archive.sana.sy\/tr\/?p=68752","title":{"rendered":"Bug\u00fcn yap\u0131lan milletvekili se\u00e7imlerine yo\u011fun kat\u0131l\u0131ma dikkat \u00e7eken el Esad; Suriye halk\u0131n\u0131n b\u00fct\u00fcn kesimleri ve bile\u015fenleriyle yo\u011fun kat\u0131l\u0131m sergiledi\u011fini, bu se\u00e7imlerde milletvekili aday say\u0131s\u0131n\u0131n da ge\u00e7en on y\u0131llar boyunca g\u00f6r\u00fclen say\u0131n\u0131n iki kat\u0131 oldu\u011funa vurgu yapt\u0131."},"content":{"rendered":"<p>Bug\u00fcn yap\u0131lan milletvekili se\u00e7imlerine yo\u011fun kat\u0131l\u0131ma dikkat \u00e7eken el Esad; Suriye halk\u0131n\u0131n b\u00fct\u00fcn kesimleri ve bile\u015fenleriyle yo\u011fun kat\u0131l\u0131m sergiledi\u011fini, bu se\u00e7imlerde milletvekili aday say\u0131s\u0131n\u0131n da ge\u00e7en on y\u0131llar boyunca g\u00f6r\u00fclen say\u0131n\u0131n iki kat\u0131 oldu\u011funa vurgu yapt\u0131.<\/p>\n","protected":false},"excerpt":{"rendered":"<p>Bug\u00fcn yap\u0131lan milletvekili se\u00e7imlerine yo\u011fun kat\u0131l\u0131ma dikkat \u00e7eken el Esad; Suriye halk\u0131n\u0131n b\u00fct\u00fcn kesimleri ve bile\u015fenleriyle yo\u011fun kat\u0131l\u0131m sergiledi\u011fini, bu se\u00e7imlerde milletvekili aday say\u0131s\u0131n\u0131n da ge\u00e7en on y\u0131llar boyunca g\u00f6r\u00fclen say\u0131n\u0131n iki kat\u0131 oldu\u011funa vurgu yapt\u0131.<\/p>\n","protected":false},"author":1,"featured_media":0,"comment_status":"closed","ping_status":"closed","sticky":false,"template":"","format":"standard","meta":{"footnotes":""},"categories":[17991],"tags":[],"class_list":["post-68752","post","type-post","status-publish","format-standard","","category-son-dakika"],"_links":{"self":[{"href":"https:\/\/archive.sana.sy\/tr\/index.php?rest_route=\/wp\/v2\/posts\/68752","targetHints":{"allow":["GET"]}}],"collection":[{"href":"https:\/\/archive.sana.sy\/tr\/index.php?rest_route=\/wp\/v2\/posts"}],"about":[{"href":"https:\/\/archive.sana.sy\/tr\/index.php?rest_route=\/wp\/v2\/types\/post"}],"author":[{"embeddable":true,"href":"https:\/\/archive.sana.sy\/tr\/index.php?rest_route=\/wp\/v2\/users\/1"}],"replies":[{"embeddable":true,"href":"https:\/\/archive.sana.sy\/tr\/index.php?rest_route=%2Fwp%2Fv2%2Fcomments&post=68752"}],"version-history":[{"count":0,"href":"https:\/\/archive.sana.sy\/tr\/index.php?rest_route=\/wp\/v2\/posts\/68752\/revisions"}],"wp:attachment":[{"href":"https:\/\/archive.sana.sy\/tr\/index.php?rest_route=%2Fwp%2Fv2%2Fmedia&parent=68752"}],"wp:term":[{"taxonomy":"category","embeddable":true,"href":"https:\/\/archive.sana.sy\/tr\/index.php?rest_route=%2Fwp%2Fv2%2Fcategories&post=68752"},{"taxonomy":"post_tag","embeddable":true,"href":"https:\/\/archive.sana.sy\/tr\/index.php?rest_route=%2Fwp%2Fv2%2Ftags&post=68752"}],"curies":[{"name":"wp","href":"https:\/\/api.w.org\/{rel}","templated":true}]}}