{"id":68757,"date":"2016-04-13T13:33:06","date_gmt":"2016-04-13T10:33:06","guid":{"rendered":"http:\/\/www.sana.sy\/tr\/?p=68757"},"modified":"2016-04-13T13:24:06","modified_gmt":"2016-04-13T10:24:06","slug":"cumhurbaskani-el-esad-vatanin-toprak-halk-ve-kurumlardan-ibaret-bir-butun-oldugunu-tum-bu-faktorleri-bir-arada-toplayanin-da-anayasa-oldugunun-altini-cizdi","status":"publish","type":"post","link":"https:\/\/archive.sana.sy\/tr\/?p=68757","title":{"rendered":"Cumhurba\u015fkan\u0131 el Esad vatan\u0131n toprak, halk ve kurumlardan ibaret bir b\u00fct\u00fcn oldu\u011funu, t\u00fcm bu fakt\u00f6rleri bir arada toplayan\u0131n da anayasa oldu\u011funun alt\u0131n\u0131 \u00e7izdi"},"content":{"rendered":"<p>Cumhurba\u015fkan\u0131 el Esad vatan\u0131n toprak, halk ve kurumlardan ibaret bir b\u00fct\u00fcn oldu\u011funu, t\u00fcm bu fakt\u00f6rleri bir arada toplayan\u0131n da anayasa oldu\u011funun alt\u0131n\u0131 \u00e7izdi<\/p>\n","protected":false},"excerpt":{"rendered":"<p>Cumhurba\u015fkan\u0131 el Esad vatan\u0131n toprak, halk ve kurumlardan ibaret bir b\u00fct\u00fcn oldu\u011funu, t\u00fcm bu fakt\u00f6rleri bir arada toplayan\u0131n da anayasa oldu\u011funun alt\u0131n\u0131 \u00e7izdi<\/p>\n","protected":false},"author":1,"featured_media":0,"comment_status":"closed","ping_status":"closed","sticky":false,"template":"","format":"standard","meta":{"footnotes":""},"categories":[17991],"tags":[],"class_list":["post-68757","post","type-post","status-publish","format-standard","","category-son-dakika"],"_links":{"self":[{"href":"https:\/\/archive.sana.sy\/tr\/index.php?rest_route=\/wp\/v2\/posts\/68757","targetHints":{"allow":["GET"]}}],"collection":[{"href":"https:\/\/archive.sana.sy\/tr\/index.php?rest_route=\/wp\/v2\/posts"}],"about":[{"href":"https:\/\/archive.sana.sy\/tr\/index.php?rest_route=\/wp\/v2\/types\/post"}],"author":[{"embeddable":true,"href":"https:\/\/archive.sana.sy\/tr\/index.php?rest_route=\/wp\/v2\/users\/1"}],"replies":[{"embeddable":true,"href":"https:\/\/archive.sana.sy\/tr\/index.php?rest_route=%2Fwp%2Fv2%2Fcomments&post=68757"}],"version-history":[{"count":0,"href":"https:\/\/archive.sana.sy\/tr\/index.php?rest_route=\/wp\/v2\/posts\/68757\/revisions"}],"wp:attachment":[{"href":"https:\/\/archive.sana.sy\/tr\/index.php?rest_route=%2Fwp%2Fv2%2Fmedia&parent=68757"}],"wp:term":[{"taxonomy":"category","embeddable":true,"href":"https:\/\/archive.sana.sy\/tr\/index.php?rest_route=%2Fwp%2Fv2%2Fcategories&post=68757"},{"taxonomy":"post_tag","embeddable":true,"href":"https:\/\/archive.sana.sy\/tr\/index.php?rest_route=%2Fwp%2Fv2%2Ftags&post=68757"}],"curies":[{"name":"wp","href":"https:\/\/api.w.org\/{rel}","templated":true}]}}