{"id":6887,"date":"2014-08-09T08:38:51","date_gmt":"2014-08-09T05:38:51","guid":{"rendered":"http:\/\/www.sana.sy\/tr\/?p=6887"},"modified":"2014-08-11T20:50:18","modified_gmt":"2014-08-11T17:50:18","slug":"halep-ulusal-uzlasmaya-hazirdir","status":"publish","type":"post","link":"https:\/\/archive.sana.sy\/tr\/?p=6887","title":{"rendered":"Halep Ulusal Uzla\u015fmaya Haz\u0131rd\u0131r"},"content":{"rendered":"<p>HALEP \u2013 \u0130\u015flemleri y\u00fcr\u00fctmekle m\u00fckellef kabinede ulusal uzla\u015fma i\u015flerinden sorumlu devlet Bakan\u0131 Ali Haydar; Halep\u2019te mevcut objektif durumlar\u0131n; kentin b\u00fcy\u00fck gereksinimi olan ulusal uzla\u015fma projesi i\u00e7in uygun ve haz\u0131r oldu\u011funu belirtti.<\/p>\n<p>Halep\u2019te bug\u00fcn resmi sivil ve halk faaliyetleri ile bir araya gelen Bakan Haydar; Halep\u2019te ulusal uzla\u015fma projesinin mutlak bir \u015fekilde Halep Kenti ve k\u0131rsal\u0131n\u0131n ahalisi taraf\u0131ndan komuta edilmesi \u00f6nemine dikkat \u00e7ekti.<\/p>\n<p><a href=\"http:\/\/www.sana.sy\/tr\/wp-content\/uploads\/2014\/08\/Ali-Haydar-2.jpg\"><img loading=\"lazy\" decoding=\"async\" class=\"alignright wp-image-6890 size-medium\" src=\"http:\/\/www.sana.sy\/tr\/wp-content\/uploads\/2014\/08\/Ali-Haydar-2-300x159.jpg\" alt=\"Ali Haydar 2\" width=\"300\" height=\"159\" srcset=\"https:\/\/archive.sana.sy\/tr\/wp-content\/uploads\/2014\/08\/Ali-Haydar-2-300x160.jpg 300w, https:\/\/archive.sana.sy\/tr\/wp-content\/uploads\/2014\/08\/Ali-Haydar-2-150x79.jpg 150w, https:\/\/archive.sana.sy\/tr\/wp-content\/uploads\/2014\/08\/Ali-Haydar-2.jpg 620w\" sizes=\"auto, (max-width: 300px) 100vw, 300px\" \/><\/a>Haydar Halep\u2019in asil tarihine dikkat \u00e7ekerken; insanl\u0131k tarihi boyunca medeniyetlerin yap\u0131land\u0131r\u0131lmas\u0131na sa\u011flad\u0131\u011f\u0131 katk\u0131lara i\u015faret etti. G\u00fcn\u00fcm\u00fczde de vatan d\u00fc\u015fmanlar\u0131na kar\u015f\u0131 onur verici bir kahramanl\u0131k ve fedakarl\u0131kla m\u00fccadele verdi\u011fini belirten Haydar; Suriye ve halk\u0131n\u0131 y\u0131k\u0131p par\u00e7alamak ve yok etmek i\u00e7in bu kenti kap\u0131 haline getirmeye \u00e7al\u0131\u015fan d\u00fc\u015fmanlar\u0131n hayallerini suya d\u00fc\u015f\u00fcrd\u00fc\u011f\u00fcn\u00fc ifade etti.<\/p>\n<p>Bakan Haydar; muhtelif \u015fekillerde do\u011fru yoldan sapanlar\u0131n vatan kuca\u011f\u0131na d\u00f6nmeleri amac\u0131yla sivil ve halk faaliyetleri ile ileti\u015fim, i\u015fbirli\u011fi ve ortak \u00e7al\u0131\u015fmalar\u0131n \u00f6nemine vurgu yapt\u0131.<\/p>\n<p>Kendi taraf\u0131ndan Halep Valisi Muhammed Vahit Akkad Halep ve ahalisinin kentlerini ve vatan\u0131 savunma m\u00fccadelelerini azim ve kararl\u0131l\u0131kla s\u00fcrd\u00fcreceklerini belirterek, Valili\u011fin ulusal uzla\u015fma \u00e7abalar\u0131na deste\u011fini bir kez daha ifade etti.<\/p>\n<p>Oturuma kat\u0131lan Halk Meclisi Ba\u015fkan\u0131 Yard\u0131mc\u0131s\u0131 Hasan Fehmi Halep\u2019in t\u00fcm sivil ve halk faaliyetleri ile birlikte Suriye&#8217;nin onurlu evlatlar\u0131 gibi zaferden emin olduklar\u0131n\u0131 ifade etti.<\/p>\n<p>Sivil, halk ve resmi faaliyet temsilcileri oturumda ald\u0131klar\u0131 s\u00f6z hakk\u0131nda Halep\u2019te ulusal uzla\u015fma \u00e7abalar\u0131 ve bu ba\u011flamda etkin mekanizman\u0131n belirlenmesi gere\u011fine vurgu yapt\u0131lar.<\/p>\n","protected":false},"excerpt":{"rendered":"<p>HALEP \u2013 \u0130\u015flemleri y\u00fcr\u00fctmekle m\u00fckellef kabinede ulusal uzla\u015fma i\u015flerinden sorumlu devlet Bakan\u0131 Ali Haydar; Halep\u2019te mevcut objektif durumlar\u0131n; kentin b\u00fcy\u00fck gereksinimi olan ulusal uzla\u015fma projesi i\u00e7in uygun ve haz\u0131r oldu\u011funu belirtti. Halep\u2019te bug\u00fcn resmi sivil ve halk faaliyetleri ile bir araya gelen Bakan Haydar; Halep\u2019te ulusal uzla\u015fma projesinin mutlak bir \u015fekilde Halep Kenti ve k\u0131rsal\u0131n\u0131n &hellip;<\/p>\n","protected":false},"author":1,"featured_media":6889,"comment_status":"closed","ping_status":"closed","sticky":false,"template":"","format":"standard","meta":{"footnotes":""},"categories":[479,447,478],"tags":[1540],"class_list":["post-6887","post","type-post","status-publish","format-standard","has-post-thumbnail","","category-haberler-yerel","category-politika","category-yerel","tag-halep-ulusal-uzlasmaya-hazirdir"],"_links":{"self":[{"href":"https:\/\/archive.sana.sy\/tr\/index.php?rest_route=\/wp\/v2\/posts\/6887","targetHints":{"allow":["GET"]}}],"collection":[{"href":"https:\/\/archive.sana.sy\/tr\/index.php?rest_route=\/wp\/v2\/posts"}],"about":[{"href":"https:\/\/archive.sana.sy\/tr\/index.php?rest_route=\/wp\/v2\/types\/post"}],"author":[{"embeddable":true,"href":"https:\/\/archive.sana.sy\/tr\/index.php?rest_route=\/wp\/v2\/users\/1"}],"replies":[{"embeddable":true,"href":"https:\/\/archive.sana.sy\/tr\/index.php?rest_route=%2Fwp%2Fv2%2Fcomments&post=6887"}],"version-history":[{"count":0,"href":"https:\/\/archive.sana.sy\/tr\/index.php?rest_route=\/wp\/v2\/posts\/6887\/revisions"}],"wp:featuredmedia":[{"embeddable":true,"href":"https:\/\/archive.sana.sy\/tr\/index.php?rest_route=\/wp\/v2\/media\/6889"}],"wp:attachment":[{"href":"https:\/\/archive.sana.sy\/tr\/index.php?rest_route=%2Fwp%2Fv2%2Fmedia&parent=6887"}],"wp:term":[{"taxonomy":"category","embeddable":true,"href":"https:\/\/archive.sana.sy\/tr\/index.php?rest_route=%2Fwp%2Fv2%2Fcategories&post=6887"},{"taxonomy":"post_tag","embeddable":true,"href":"https:\/\/archive.sana.sy\/tr\/index.php?rest_route=%2Fwp%2Fv2%2Ftags&post=6887"}],"curies":[{"name":"wp","href":"https:\/\/api.w.org\/{rel}","templated":true}]}}