{"id":68997,"date":"2016-04-13T12:00:41","date_gmt":"2016-04-13T09:00:41","guid":{"rendered":"http:\/\/sana.sy\/tr\/?p=68997"},"modified":"2016-04-15T15:37:31","modified_gmt":"2016-04-15T12:37:31","slug":"buyuk-miktarda-esrar-ve-captagon-yakalandi","status":"publish","type":"post","link":"https:\/\/archive.sana.sy\/tr\/?p=68997","title":{"rendered":"B\u00fcy\u00fck Miktarda Esrar ve Captagon Yakaland\u0131"},"content":{"rendered":"<p>S\u00dcVEYDA \u2013 S\u00fcveyda Valili\u011finde yetkili bir kaynak SANA\u2019ya a\u00e7\u0131klamas\u0131nda Halk Savunma g\u00fc\u00e7lerinin dakik bir soru\u015fturma ve takip operasyonu sonucunda bug\u00fcn erken saatlerde il k\u0131rsal\u0131n\u0131n do\u011fusu Milh K\u00f6y\u00fcn\u00fcn do\u011fu y\u00f6n\u00fcnde bir ter\u00f6r yuvas\u0131na bask\u0131n d\u00fczenlediklerini belirtti.<\/p>\n<p>Kaynak bask\u0131nda ter\u00f6r yuvas\u0131nda bulunan yakla\u015f\u0131k 1.5 milyon Captagon hap\u0131 ve 150 kg esrara el konuldu\u011funu a\u00e7\u0131klad\u0131.<\/p>\n<p>Bu arada daha \u00f6nce yine S\u00fcveyda k\u0131rsal\u0131nda Dera\u2019da \u0130srail destekli tekfirci ve kiral\u0131k ter\u00f6ristlerden Badiye B\u00f6lgesindeki benzer ter\u00f6ristlere giden cephane y\u00fckl\u00fc bir\u00e7ok ara\u00e7 yakaland\u0131.<\/p>\n<p>video<\/p>\n","protected":false},"excerpt":{"rendered":"<p>S\u00dcVEYDA \u2013 S\u00fcveyda Valili\u011finde yetkili bir kaynak SANA\u2019ya a\u00e7\u0131klamas\u0131nda Halk Savunma g\u00fc\u00e7lerinin dakik bir soru\u015fturma ve takip operasyonu sonucunda bug\u00fcn erken saatlerde il k\u0131rsal\u0131n\u0131n do\u011fusu Milh K\u00f6y\u00fcn\u00fcn do\u011fu y\u00f6n\u00fcnde bir ter\u00f6r yuvas\u0131na bask\u0131n d\u00fczenlediklerini belirtti. Kaynak bask\u0131nda ter\u00f6r yuvas\u0131nda bulunan yakla\u015f\u0131k 1.5 milyon Captagon hap\u0131 ve 150 kg esrara el konuldu\u011funu a\u00e7\u0131klad\u0131. Bu arada daha &hellip;<\/p>\n","protected":false},"author":1,"featured_media":69165,"comment_status":"closed","ping_status":"closed","sticky":false,"template":"","format":"standard","meta":{"footnotes":""},"categories":[479,575,17988,478],"tags":[20502],"class_list":["post-68997","post","type-post","status-publish","format-standard","has-post-thumbnail","","category-haberler-yerel","category-olaylar-ve-gercekler","category-son-haberler","category-yerel","tag-buyuk-miktarda-esrar-ve-captagon-yakalandi"],"_links":{"self":[{"href":"https:\/\/archive.sana.sy\/tr\/index.php?rest_route=\/wp\/v2\/posts\/68997","targetHints":{"allow":["GET"]}}],"collection":[{"href":"https:\/\/archive.sana.sy\/tr\/index.php?rest_route=\/wp\/v2\/posts"}],"about":[{"href":"https:\/\/archive.sana.sy\/tr\/index.php?rest_route=\/wp\/v2\/types\/post"}],"author":[{"embeddable":true,"href":"https:\/\/archive.sana.sy\/tr\/index.php?rest_route=\/wp\/v2\/users\/1"}],"replies":[{"embeddable":true,"href":"https:\/\/archive.sana.sy\/tr\/index.php?rest_route=%2Fwp%2Fv2%2Fcomments&post=68997"}],"version-history":[{"count":0,"href":"https:\/\/archive.sana.sy\/tr\/index.php?rest_route=\/wp\/v2\/posts\/68997\/revisions"}],"wp:featuredmedia":[{"embeddable":true,"href":"https:\/\/archive.sana.sy\/tr\/index.php?rest_route=\/wp\/v2\/media\/69165"}],"wp:attachment":[{"href":"https:\/\/archive.sana.sy\/tr\/index.php?rest_route=%2Fwp%2Fv2%2Fmedia&parent=68997"}],"wp:term":[{"taxonomy":"category","embeddable":true,"href":"https:\/\/archive.sana.sy\/tr\/index.php?rest_route=%2Fwp%2Fv2%2Fcategories&post=68997"},{"taxonomy":"post_tag","embeddable":true,"href":"https:\/\/archive.sana.sy\/tr\/index.php?rest_route=%2Fwp%2Fv2%2Ftags&post=68997"}],"curies":[{"name":"wp","href":"https:\/\/api.w.org\/{rel}","templated":true}]}}