{"id":69014,"date":"2016-04-14T11:20:53","date_gmt":"2016-04-14T08:20:53","guid":{"rendered":"http:\/\/www.sana.sy\/tr\/?p=69014"},"modified":"2016-04-15T14:27:20","modified_gmt":"2016-04-15T11:27:20","slug":"secim-basin-merkezi-suriyenin-seffaflik-politikasini-ve-kendine-guvenini-yansitiyor","status":"publish","type":"post","link":"https:\/\/archive.sana.sy\/tr\/?p=69014","title":{"rendered":"Se\u00e7im Bas\u0131n Merkezi Suriye\u2019nin \u015eeffafl\u0131k Politikas\u0131n\u0131 ve Kendine G\u00fcvenini Yans\u0131t\u0131yor(video)"},"content":{"rendered":"<p>\u015eAM \u2013 D\u00fcn \u00fclke genelinde ba\u015far\u0131yla icra edilen Halk Meclisi \u00dcyeleri se\u00e7imlerine Arap ve yabanc\u0131 onlarca medya arac\u0131 temsilcisi ve muhabiri, Enformasyon Bakanl\u0131\u011f\u0131n\u0131n \u0130slami Radyo ve Televizyon Birli\u011fi ile i\u015fbirli\u011fi i\u00e7erisinde \u015eam\u2019daSheriton Otelinde organize etti\u011fi Se\u00e7im Bas\u0131n Merkezinden, e\u015flik ederek geli\u015fmeleri b\u00fct\u00fcn ayr\u0131nt\u0131lar\u0131yla an an yerel ve d\u00fcnya kamuoyuna aktard\u0131lar.<\/p>\n<p>M\u0131s\u0131rl\u0131 el Arabiye Gazetesi Yay\u0131n Kurulu Ba\u015fkan\u0131MacidiBesyuni;SANA\u2019ya verdi\u011fi r\u00f6portaj\u0131nda Suriye halk\u0131n\u0131n se\u00e7imlere geni\u015f bir \u015fekilde kat\u0131lmas\u0131n\u0131n bu halk\u0131n d\u0131\u015far\u0131dan gelecek her sald\u0131r\u0131 kar\u015f\u0131s\u0131nda direnme ve kendi gelece\u011fini belirleme azmi ve \u0131srar\u0131n\u0131 yans\u0131tt\u0131\u011f\u0131n\u0131 ifade etti.<\/p>\n<p>Halep, Haseke ve Deyrezzor illerinde silahl\u0131 ter\u00f6r gruplar\u0131n\u0131n sald\u0131r\u0131lar\u0131 ve ku\u015fatmas\u0131 sonucu olu\u015fan b\u00fct\u00fcn zor ko\u015fullara ra\u011fmen vatanda\u015flar\u0131n se\u00e7imlere yo\u011fun bir \u015fekilde kat\u0131ld\u0131\u011f\u0131n\u0131 g\u00f6zlemledi\u011fine i\u015faret eden Besyuni; Anayasal Se\u00e7imlerin normal periyodunda ve olmas\u0131 gereken tarihte d\u00fczenlenmesinin Suriye halk\u0131n\u0131n siyasi bir zaferi oldu\u011funun alt\u0131n\u0131 \u00e7izdi.<\/p>\n<p>Se\u00e7im Bas\u0131n Merkezi arac\u0131l\u0131\u011f\u0131 ile Suriye\u2019de se\u00e7imleri yak\u0131ndan izlemek isteyen b\u00fct\u00fcn medya ara\u00e7lar\u0131n\u0131n bunu kolayl\u0131kla yapabilece\u011fine dikkat \u00e7eken Besyuni, b\u00fct\u00fcn gerekli te\u00e7hizatla birlikte b\u00f6yle bir merkez organize edilmi\u015f olmas\u0131n\u0131n Suriye\u2019nin se\u00e7imlerde \u015feffafl\u0131k politikas\u0131n\u0131 yans\u0131tt\u0131\u011f\u0131n\u0131 belirtti.<\/p>\n<p>L\u00fcbnan \u0130ttihat Televizyonu Muhabiri Ammar el Tavalbe de Suriye halk\u0131n\u0131n se\u00e7imlere yo\u011fun kat\u0131l\u0131m\u0131n\u0131n siyasi bir zafer oldu\u011funa i\u015faret ederek Suriye\u2019nin, gerek se\u00e7imlerde gerekse di\u011fer faaliyetlerinde izledi\u011fi \u015feffafl\u0131k politikas\u0131n\u0131n kendine g\u00fcven ve ulusal g\u00fcc\u00fcn\u00fc yans\u0131tt\u0131\u011f\u0131n\u0131 beyan etti.<\/p>\n<p>Irakl\u0131 el Arabiye Gazetesi Yay\u0131n Kurulu Ba\u015fkan\u0131 Abd\u00fclr\u0131za el Hamit Suriyelilerin, d\u00fcn ba\u015far\u0131yla icra edilen Halk Meclisi \u00dcyeleri se\u00e7imleriyle be\u015f y\u0131ld\u0131r maruz kald\u0131\u011f\u0131 ter\u00f6r ve sava\u015f s\u00fcresince d\u00fcnyaya verdi\u011fi \u00fc\u00e7\u00fcnc\u00fc demokrasi dersi oldu\u011funa i\u015faret ederek daha \u00f6nce 2012 y\u0131l\u0131ndaki se\u00e7imlerde ve devlet ba\u015fkanl\u0131\u011f\u0131 se\u00e7imlerinde sergilenen kat\u0131l\u0131m\u0131n Suriye halk\u0131n\u0131n kendi egemenli\u011finden ba\u015fka hi\u00e7bir d\u0131\u015f g\u00fcc\u00fcn egemenli\u011fi alt\u0131na girmeyece\u011finin kan\u0131t\u0131n\u0131 te\u015fkil etti\u011fini belirtti.<\/p>\n<p>Bilinece\u011fi \u00fczere Enformasyon Bakanl\u0131\u011f\u0131 \u0130slami Radyo ve Televizyonlar Birli\u011fi ile i\u015fbirli\u011fi i\u00e7erisinde d\u00fcn Sheriton Otelinde b\u00fct\u00fcn teknik te\u00e7hizat\u0131 ve donan\u0131m\u0131yla birlikte haz\u0131rlad\u0131\u011f\u0131 Se\u00e7im Bas\u0131n Merkezinde Arap ve Yabanc\u0131 medya ara\u00e7lar\u0131 temsilci ve muhabirlerine Halk Meclisi Se\u00e7imlerini b\u00fct\u00fcn ayr\u0131nt\u0131lar\u0131yla birlikte yak\u0131ndan takip etme ve hem ba\u011fl\u0131 olduklar\u0131 \u00fclkeler hem de d\u00fcnya kamuoyuna aktarma olana\u011f\u0131 sa\u011flad\u0131.<\/p>\n<p><a href=\"https:\/\/www.youtube.com\/watch?v=f-yOGdWOO_E\">https:\/\/www.youtube.com\/watch?v=f-yOGdWOO_E<\/a><\/p>\n<p>F.B. &#8211; R.H.<\/p>\n","protected":false},"excerpt":{"rendered":"<p>\u015eAM \u2013 D\u00fcn \u00fclke genelinde ba\u015far\u0131yla icra edilen Halk Meclisi \u00dcyeleri se\u00e7imlerine Arap ve yabanc\u0131 onlarca medya arac\u0131 temsilcisi ve muhabiri, Enformasyon Bakanl\u0131\u011f\u0131n\u0131n \u0130slami Radyo ve Televizyon Birli\u011fi ile i\u015fbirli\u011fi i\u00e7erisinde \u015eam\u2019daSheriton Otelinde organize etti\u011fi Se\u00e7im Bas\u0131n Merkezinden, e\u015flik ederek geli\u015fmeleri b\u00fct\u00fcn ayr\u0131nt\u0131lar\u0131yla an an yerel ve d\u00fcnya kamuoyuna aktard\u0131lar. M\u0131s\u0131rl\u0131 el Arabiye Gazetesi Yay\u0131n &hellip;<\/p>\n","protected":false},"author":1,"featured_media":69015,"comment_status":"closed","ping_status":"closed","sticky":false,"template":"","format":"standard","meta":{"footnotes":""},"categories":[479,17988,478],"tags":[20507],"class_list":["post-69014","post","type-post","status-publish","format-standard","has-post-thumbnail","","category-haberler-yerel","category-son-haberler","category-yerel","tag-secim-basin-merkezi-suriyenin-seffaflik-politikasini-ve-kendine-guvenini-yansitiyor"],"_links":{"self":[{"href":"https:\/\/archive.sana.sy\/tr\/index.php?rest_route=\/wp\/v2\/posts\/69014","targetHints":{"allow":["GET"]}}],"collection":[{"href":"https:\/\/archive.sana.sy\/tr\/index.php?rest_route=\/wp\/v2\/posts"}],"about":[{"href":"https:\/\/archive.sana.sy\/tr\/index.php?rest_route=\/wp\/v2\/types\/post"}],"author":[{"embeddable":true,"href":"https:\/\/archive.sana.sy\/tr\/index.php?rest_route=\/wp\/v2\/users\/1"}],"replies":[{"embeddable":true,"href":"https:\/\/archive.sana.sy\/tr\/index.php?rest_route=%2Fwp%2Fv2%2Fcomments&post=69014"}],"version-history":[{"count":0,"href":"https:\/\/archive.sana.sy\/tr\/index.php?rest_route=\/wp\/v2\/posts\/69014\/revisions"}],"wp:featuredmedia":[{"embeddable":true,"href":"https:\/\/archive.sana.sy\/tr\/index.php?rest_route=\/wp\/v2\/media\/69015"}],"wp:attachment":[{"href":"https:\/\/archive.sana.sy\/tr\/index.php?rest_route=%2Fwp%2Fv2%2Fmedia&parent=69014"}],"wp:term":[{"taxonomy":"category","embeddable":true,"href":"https:\/\/archive.sana.sy\/tr\/index.php?rest_route=%2Fwp%2Fv2%2Fcategories&post=69014"},{"taxonomy":"post_tag","embeddable":true,"href":"https:\/\/archive.sana.sy\/tr\/index.php?rest_route=%2Fwp%2Fv2%2Ftags&post=69014"}],"curies":[{"name":"wp","href":"https:\/\/api.w.org\/{rel}","templated":true}]}}