{"id":69041,"date":"2016-04-14T11:26:12","date_gmt":"2016-04-14T08:26:12","guid":{"rendered":"http:\/\/www.sana.sy\/tr\/?p=69041"},"modified":"2016-04-14T13:04:53","modified_gmt":"2016-04-14T10:04:53","slug":"kaynak-bu-korkak-saldirilarda-geneli-cocuk-ve-kadinlardan-olusan-oldukca-yuksek-sayida-masum-sivil-insanin-sehit-ve-yarali-dustuklerini-aktardi","status":"publish","type":"post","link":"https:\/\/archive.sana.sy\/tr\/?p=69041","title":{"rendered":"Kaynak bu korkak sald\u0131r\u0131larda geneli \u00e7ocuk ve kad\u0131nlardan olu\u015fan olduk\u00e7a y\u00fcksek say\u0131da masum sivil insan\u0131n \u015fehit ve yaral\u0131 d\u00fc\u015ft\u00fcklerini aktard\u0131"},"content":{"rendered":"<p>Kaynak bu korkak sald\u0131r\u0131larda geneli \u00e7ocuk ve kad\u0131nlardan olu\u015fan olduk\u00e7a y\u00fcksek say\u0131da masum sivil insan\u0131n \u015fehit ve yaral\u0131 d\u00fc\u015ft\u00fcklerini aktard\u0131<\/p>\n","protected":false},"excerpt":{"rendered":"<p>Kaynak bu korkak sald\u0131r\u0131larda geneli \u00e7ocuk ve kad\u0131nlardan olu\u015fan olduk\u00e7a y\u00fcksek say\u0131da masum sivil insan\u0131n \u015fehit ve yaral\u0131 d\u00fc\u015ft\u00fcklerini aktard\u0131<\/p>\n","protected":false},"author":1,"featured_media":0,"comment_status":"closed","ping_status":"closed","sticky":false,"template":"","format":"standard","meta":{"footnotes":""},"categories":[17991],"tags":[],"class_list":["post-69041","post","type-post","status-publish","format-standard","","category-son-dakika"],"_links":{"self":[{"href":"https:\/\/archive.sana.sy\/tr\/index.php?rest_route=\/wp\/v2\/posts\/69041","targetHints":{"allow":["GET"]}}],"collection":[{"href":"https:\/\/archive.sana.sy\/tr\/index.php?rest_route=\/wp\/v2\/posts"}],"about":[{"href":"https:\/\/archive.sana.sy\/tr\/index.php?rest_route=\/wp\/v2\/types\/post"}],"author":[{"embeddable":true,"href":"https:\/\/archive.sana.sy\/tr\/index.php?rest_route=\/wp\/v2\/users\/1"}],"replies":[{"embeddable":true,"href":"https:\/\/archive.sana.sy\/tr\/index.php?rest_route=%2Fwp%2Fv2%2Fcomments&post=69041"}],"version-history":[{"count":0,"href":"https:\/\/archive.sana.sy\/tr\/index.php?rest_route=\/wp\/v2\/posts\/69041\/revisions"}],"wp:attachment":[{"href":"https:\/\/archive.sana.sy\/tr\/index.php?rest_route=%2Fwp%2Fv2%2Fmedia&parent=69041"}],"wp:term":[{"taxonomy":"category","embeddable":true,"href":"https:\/\/archive.sana.sy\/tr\/index.php?rest_route=%2Fwp%2Fv2%2Fcategories&post=69041"},{"taxonomy":"post_tag","embeddable":true,"href":"https:\/\/archive.sana.sy\/tr\/index.php?rest_route=%2Fwp%2Fv2%2Ftags&post=69041"}],"curies":[{"name":"wp","href":"https:\/\/api.w.org\/{rel}","templated":true}]}}