{"id":69045,"date":"2016-04-14T12:10:22","date_gmt":"2016-04-14T09:10:22","guid":{"rendered":"http:\/\/www.sana.sy\/tr\/?p=69045"},"modified":"2016-04-14T13:15:16","modified_gmt":"2016-04-14T10:15:16","slug":"rusya-federasyonu-baskani-vladimir-putin-suriye-ordusunun-rusyanin-bir-kisim-guclerini-cekmesine-ragmen-suriyenin-tamamini-terorden-kurtarma-ulkenin-egemenlik-ve-butunlugunu-koruma-gucune-sahip","status":"publish","type":"post","link":"https:\/\/archive.sana.sy\/tr\/?p=69045","title":{"rendered":"Rusya Federasyonu Ba\u015fkan\u0131 Vladimir Putin Suriye ordusunun, Rusya&#8217;n\u0131n bir k\u0131s\u0131m g\u00fc\u00e7lerini \u00e7ekmesine ra\u011fmen Suriye&#8217;nin tamam\u0131n\u0131  ter\u00f6rden kurtarma, \u00fclkenin egemenlik ve b\u00fct\u00fcnl\u00fc\u011f\u00fcn\u00fc koruma g\u00fcc\u00fcne sahip hale geldi\u011fini belirtti"},"content":{"rendered":"<p>Rusya Federasyonu Ba\u015fkan\u0131 Vladimir Putin Suriye ordusunun, Rusya&#8217;n\u0131n bir k\u0131s\u0131m g\u00fc\u00e7lerini \u00e7ekmesine ra\u011fmen Suriye&#8217;nin tamam\u0131n\u0131 \u00a0ter\u00f6rden kurtarma, \u00fclkenin egemenlik ve b\u00fct\u00fcnl\u00fc\u011f\u00fcn\u00fc koruma g\u00fcc\u00fcne sahip hale geldi\u011fini belirtti<\/p>\n","protected":false},"excerpt":{"rendered":"<p>Rusya Federasyonu Ba\u015fkan\u0131 Vladimir Putin Suriye ordusunun, Rusya&#8217;n\u0131n bir k\u0131s\u0131m g\u00fc\u00e7lerini \u00e7ekmesine ra\u011fmen Suriye&#8217;nin tamam\u0131n\u0131 \u00a0ter\u00f6rden kurtarma, \u00fclkenin egemenlik ve b\u00fct\u00fcnl\u00fc\u011f\u00fcn\u00fc koruma g\u00fcc\u00fcne sahip hale geldi\u011fini belirtti<\/p>\n","protected":false},"author":1,"featured_media":0,"comment_status":"closed","ping_status":"closed","sticky":false,"template":"","format":"standard","meta":{"footnotes":""},"categories":[17991],"tags":[],"class_list":["post-69045","post","type-post","status-publish","format-standard","","category-son-dakika"],"_links":{"self":[{"href":"https:\/\/archive.sana.sy\/tr\/index.php?rest_route=\/wp\/v2\/posts\/69045","targetHints":{"allow":["GET"]}}],"collection":[{"href":"https:\/\/archive.sana.sy\/tr\/index.php?rest_route=\/wp\/v2\/posts"}],"about":[{"href":"https:\/\/archive.sana.sy\/tr\/index.php?rest_route=\/wp\/v2\/types\/post"}],"author":[{"embeddable":true,"href":"https:\/\/archive.sana.sy\/tr\/index.php?rest_route=\/wp\/v2\/users\/1"}],"replies":[{"embeddable":true,"href":"https:\/\/archive.sana.sy\/tr\/index.php?rest_route=%2Fwp%2Fv2%2Fcomments&post=69045"}],"version-history":[{"count":0,"href":"https:\/\/archive.sana.sy\/tr\/index.php?rest_route=\/wp\/v2\/posts\/69045\/revisions"}],"wp:attachment":[{"href":"https:\/\/archive.sana.sy\/tr\/index.php?rest_route=%2Fwp%2Fv2%2Fmedia&parent=69045"}],"wp:term":[{"taxonomy":"category","embeddable":true,"href":"https:\/\/archive.sana.sy\/tr\/index.php?rest_route=%2Fwp%2Fv2%2Fcategories&post=69045"},{"taxonomy":"post_tag","embeddable":true,"href":"https:\/\/archive.sana.sy\/tr\/index.php?rest_route=%2Fwp%2Fv2%2Ftags&post=69045"}],"curies":[{"name":"wp","href":"https:\/\/api.w.org\/{rel}","templated":true}]}}