{"id":69060,"date":"2016-04-14T12:30:18","date_gmt":"2016-04-14T09:30:18","guid":{"rendered":"http:\/\/www.sana.sy\/tr\/?p=69060"},"modified":"2016-04-15T14:27:05","modified_gmt":"2016-04-15T11:27:05","slug":"ayn-arap-ahalisine-insani-yardim-gonderdi","status":"publish","type":"post","link":"https:\/\/archive.sana.sy\/tr\/?p=69060","title":{"rendered":"Ayn Arap Ahalisine \u0130nsani Yard\u0131m G\u00f6nderdi"},"content":{"rendered":"<p>HASEKE \u2013 Sosyal \u0130\u015fler M\u00fcd\u00fcrl\u00fc\u011f\u00fc Haseke \u0130l \u015eubesi BM \u00c7ocuk Esirgeme Kurumu UNICEF\u2019in takdim etti\u011fi bir miktar insani yard\u0131mlar\u0131 Halep k\u0131rsal\u0131ndaki Ayn Arap ahalisine g\u00f6nderdi.<\/p>\n<p>M\u00fcd\u00fcrl\u00fckte Hizmet \u0130\u015fleri M\u00fcd\u00fcr\u00fc Ali \u0130skan SANA muhabirine yapt\u0131\u011f\u0131 a\u00e7\u0131klamada g\u00f6nderilen insani yard\u0131mlarda 3 bin \u00e7ocuk k\u0131yafeti paketi, 1 sand\u0131k sabun, i\u00e7me suyunun ar\u0131t\u0131lmas\u0131nda kullan\u0131lan 390 paket klor ve daha ba\u015fka maddelerin bulundu\u011fu ifade etti \u0130skan yard\u0131mlar\u0131n Ayn Arap B\u00f6lgesindeki yerel cemiyetler taraf\u0131ndan ihtiya\u00e7 sahiplerine da\u011f\u0131t\u0131laca\u011f\u0131n\u0131 s\u00f6zlerine ekledi.<\/p>\n<p>Sosyal \u0130\u015fler Haseke \u0130l M\u00fcd\u00fcrl\u00fc\u011f\u00fc ge\u00e7en y\u0131l Ayn Arap B\u00f6lgesinde b\u00fcy\u00fck miktarda g\u0131da ve t\u0131bbi yard\u0131mlar\u0131n da\u011f\u0131t\u0131lmas\u0131na destek ve denetleme \u00e7al\u0131\u015fmalar\u0131nda bulunmu\u015ftu.<\/p>\n","protected":false},"excerpt":{"rendered":"<p>HASEKE \u2013 Sosyal \u0130\u015fler M\u00fcd\u00fcrl\u00fc\u011f\u00fc Haseke \u0130l \u015eubesi BM \u00c7ocuk Esirgeme Kurumu UNICEF\u2019in takdim etti\u011fi bir miktar insani yard\u0131mlar\u0131 Halep k\u0131rsal\u0131ndaki Ayn Arap ahalisine g\u00f6nderdi. M\u00fcd\u00fcrl\u00fckte Hizmet \u0130\u015fleri M\u00fcd\u00fcr\u00fc Ali \u0130skan SANA muhabirine yapt\u0131\u011f\u0131 a\u00e7\u0131klamada g\u00f6nderilen insani yard\u0131mlarda 3 bin \u00e7ocuk k\u0131yafeti paketi, 1 sand\u0131k sabun, i\u00e7me suyunun ar\u0131t\u0131lmas\u0131nda kullan\u0131lan 390 paket klor ve daha &hellip;<\/p>\n","protected":false},"author":1,"featured_media":69079,"comment_status":"closed","ping_status":"closed","sticky":false,"template":"","format":"standard","meta":{"footnotes":""},"categories":[479,17988,478],"tags":[20519,20520],"class_list":["post-69060","post","type-post","status-publish","format-standard","has-post-thumbnail","","category-haberler-yerel","category-son-haberler","category-yerel","tag-ayn-arap-ahalisine-insani-yardim-gonderdi","tag-sosyal-isler-mudurlugu"],"_links":{"self":[{"href":"https:\/\/archive.sana.sy\/tr\/index.php?rest_route=\/wp\/v2\/posts\/69060","targetHints":{"allow":["GET"]}}],"collection":[{"href":"https:\/\/archive.sana.sy\/tr\/index.php?rest_route=\/wp\/v2\/posts"}],"about":[{"href":"https:\/\/archive.sana.sy\/tr\/index.php?rest_route=\/wp\/v2\/types\/post"}],"author":[{"embeddable":true,"href":"https:\/\/archive.sana.sy\/tr\/index.php?rest_route=\/wp\/v2\/users\/1"}],"replies":[{"embeddable":true,"href":"https:\/\/archive.sana.sy\/tr\/index.php?rest_route=%2Fwp%2Fv2%2Fcomments&post=69060"}],"version-history":[{"count":0,"href":"https:\/\/archive.sana.sy\/tr\/index.php?rest_route=\/wp\/v2\/posts\/69060\/revisions"}],"wp:featuredmedia":[{"embeddable":true,"href":"https:\/\/archive.sana.sy\/tr\/index.php?rest_route=\/wp\/v2\/media\/69079"}],"wp:attachment":[{"href":"https:\/\/archive.sana.sy\/tr\/index.php?rest_route=%2Fwp%2Fv2%2Fmedia&parent=69060"}],"wp:term":[{"taxonomy":"category","embeddable":true,"href":"https:\/\/archive.sana.sy\/tr\/index.php?rest_route=%2Fwp%2Fv2%2Fcategories&post=69060"},{"taxonomy":"post_tag","embeddable":true,"href":"https:\/\/archive.sana.sy\/tr\/index.php?rest_route=%2Fwp%2Fv2%2Ftags&post=69060"}],"curies":[{"name":"wp","href":"https:\/\/api.w.org\/{rel}","templated":true}]}}