{"id":69100,"date":"2016-04-14T16:32:12","date_gmt":"2016-04-14T13:32:12","guid":{"rendered":"http:\/\/www.sana.sy\/tr\/?p=69100"},"modified":"2016-04-19T10:43:24","modified_gmt":"2016-04-19T07:43:24","slug":"oy-sayimi-bitmeden-bilgi-sizdirmak-yasak","status":"publish","type":"post","link":"https:\/\/archive.sana.sy\/tr\/?p=69100","title":{"rendered":"Oy Say\u0131m\u0131 Bitmeden Bilgi S\u0131zd\u0131rmak Yasak"},"content":{"rendered":"<p>\u015eAM \u2013 Se\u00e7im Y\u00fcksek Yarg\u0131 Komisyonu; oy sayma i\u015flemlerinin tamamen sona ermesinden \u00f6nce herhangi bir taraf yada kurumun se\u00e7im sonu\u00e7lar\u0131 hakk\u0131nda herhangi bir a\u00e7\u0131klamada bulunmas\u0131n\u0131n kesinlikle yasak oldu\u011funu vurgulad\u0131.<\/p>\n<p>Komisyon Ba\u015fkan\u0131 Hi\u015fam el \u015eear SANA\u2019ya bug\u00fcn yapt\u0131\u011f\u0131 a\u00e7\u0131klamada; oy say\u0131m\u0131n\u0131n tamamen sona ermesi ard\u0131ndan sonu\u00e7 ve kat\u0131l\u0131m ayr\u0131nt\u0131lar\u0131na ili\u015fkin bilgileri ilan etmenin sadece ve sadece Se\u00e7im Y\u00fcksek Yarg\u0131 Kurumu ve illerdeki se\u00e7im komitelerinin yetkisinde oldu\u011funun alt\u0131n\u0131 \u00e7izdi.<\/p>\n","protected":false},"excerpt":{"rendered":"<p>\u015eAM \u2013 Se\u00e7im Y\u00fcksek Yarg\u0131 Komisyonu; oy sayma i\u015flemlerinin tamamen sona ermesinden \u00f6nce herhangi bir taraf yada kurumun se\u00e7im sonu\u00e7lar\u0131 hakk\u0131nda herhangi bir a\u00e7\u0131klamada bulunmas\u0131n\u0131n kesinlikle yasak oldu\u011funu vurgulad\u0131. Komisyon Ba\u015fkan\u0131 Hi\u015fam el \u015eear SANA\u2019ya bug\u00fcn yapt\u0131\u011f\u0131 a\u00e7\u0131klamada; oy say\u0131m\u0131n\u0131n tamamen sona ermesi ard\u0131ndan sonu\u00e7 ve kat\u0131l\u0131m ayr\u0131nt\u0131lar\u0131na ili\u015fkin bilgileri ilan etmenin sadece ve sadece &hellip;<\/p>\n","protected":false},"author":1,"featured_media":69113,"comment_status":"closed","ping_status":"closed","sticky":false,"template":"","format":"standard","meta":{"footnotes":""},"categories":[479,17988,478],"tags":[19727,20296,19949,20523,20522,19548,20524,19545],"class_list":["post-69100","post","type-post","status-publish","format-standard","has-post-thumbnail","","category-haberler-yerel","category-son-haberler","category-yerel","tag-hisam-el-sear","tag-meclis-secimleri","tag-milletvekili-secimleri","tag-oy-sayimi","tag-oy-sayimi-bitmeden-bilgi-sizdirmak-yasak","tag-parlamento-secimleri","tag-secim-sonuclari","tag-secim-yuksek-yargi-komisyonu"],"_links":{"self":[{"href":"https:\/\/archive.sana.sy\/tr\/index.php?rest_route=\/wp\/v2\/posts\/69100","targetHints":{"allow":["GET"]}}],"collection":[{"href":"https:\/\/archive.sana.sy\/tr\/index.php?rest_route=\/wp\/v2\/posts"}],"about":[{"href":"https:\/\/archive.sana.sy\/tr\/index.php?rest_route=\/wp\/v2\/types\/post"}],"author":[{"embeddable":true,"href":"https:\/\/archive.sana.sy\/tr\/index.php?rest_route=\/wp\/v2\/users\/1"}],"replies":[{"embeddable":true,"href":"https:\/\/archive.sana.sy\/tr\/index.php?rest_route=%2Fwp%2Fv2%2Fcomments&post=69100"}],"version-history":[{"count":0,"href":"https:\/\/archive.sana.sy\/tr\/index.php?rest_route=\/wp\/v2\/posts\/69100\/revisions"}],"wp:featuredmedia":[{"embeddable":true,"href":"https:\/\/archive.sana.sy\/tr\/index.php?rest_route=\/wp\/v2\/media\/69113"}],"wp:attachment":[{"href":"https:\/\/archive.sana.sy\/tr\/index.php?rest_route=%2Fwp%2Fv2%2Fmedia&parent=69100"}],"wp:term":[{"taxonomy":"category","embeddable":true,"href":"https:\/\/archive.sana.sy\/tr\/index.php?rest_route=%2Fwp%2Fv2%2Fcategories&post=69100"},{"taxonomy":"post_tag","embeddable":true,"href":"https:\/\/archive.sana.sy\/tr\/index.php?rest_route=%2Fwp%2Fv2%2Ftags&post=69100"}],"curies":[{"name":"wp","href":"https:\/\/api.w.org\/{rel}","templated":true}]}}