{"id":69109,"date":"2016-04-14T15:30:32","date_gmt":"2016-04-14T12:30:32","guid":{"rendered":"http:\/\/sana.sy\/tr\/?p=69109"},"modified":"2016-04-15T14:26:18","modified_gmt":"2016-04-15T11:26:18","slug":"forum-katilimcilari-suriyenin-mucadelesini-selamladi","status":"publish","type":"post","link":"https:\/\/archive.sana.sy\/tr\/?p=69109","title":{"rendered":"Forum Kat\u0131l\u0131mc\u0131lar\u0131 Suriye&#8217;nin M\u00fccadelesini Selamlad\u0131"},"content":{"rendered":"<p>MOSKOVA \u2013 Yalta Uluslararas\u0131 Ekonomi Forumunda bir k\u0131s\u0131m kat\u0131l\u0131mc\u0131lar Suriye&#8217;nin devlet, halk ve ordu olarak uluslar aras\u0131 ter\u00f6r ve evrensel sald\u0131r\u0131ya kar\u015f\u0131 verdi\u011fi m\u00fccadeleyi sayg\u0131yla selamlarken bu m\u00fccadelenin takdire \u015fayan oldu\u011funu belirtti.<\/p>\n<p>Kat\u0131l\u0131mc\u0131lar Suriye halk\u0131n\u0131n m\u00fccadelesi ve \u00f6zverisinin maruz kald\u0131\u011f\u0131 sava\u015fta \u015fanl\u0131 bir zafer kazanmas\u0131na yol a\u00e7aca\u011f\u0131n\u0131 ifade etti.<\/p>\n<p>K\u0131r\u0131m Cumhurba\u015fkan\u0131 Sergey Aksyonov SANA\u2019n\u0131n Moskova muhabirine a\u00e7\u0131klamas\u0131nda; Suriye&#8217;nin halk ve ordu olarak uluslar aras\u0131 ter\u00f6re kar\u015f\u0131 e\u015fsiz bir cesaretle m\u00fccadele etti\u011fini belirtti. Aksyonov \u015fahsi olarak da Suriye halk\u0131 ve y\u00f6netimine b\u00fcy\u00fck bir sayg\u0131 ve takdirle bakt\u0131\u011f\u0131n\u0131 dile getirdi.<\/p>\n<p>Rusya Muazzam Vatan Partisi Ba\u015fkan\u0131 Nikolai Starikov benzer a\u00e7\u0131klamada Suriye&#8217;de yap\u0131lan parlamento se\u00e7imlerinin Suriye halk\u0131n\u0131n iradesini ifade etmek ve d\u00fcnyaya mesaj vermek i\u00e7in muazzam bir ba\u015far\u0131s\u0131 oldu\u011funu belirtti. Starikov Suriye halk\u0131n\u0131n Suriye devletini y\u0131kmak isteyenlerin s\u00f6zlerine kulak vermeden vatan\u0131n\u0131n ve kendisinin gelece\u011fini azim ve kararl\u0131l\u0131kla yap\u0131land\u0131rmaya devam etmesi \u00f6neminin alt\u0131n\u0131 \u00e7izdi.<\/p>\n<p>Yunanistan eski ba\u015fbakan yard\u0131mc\u0131s\u0131 Konstantius Aasikos Suriye&#8217;nin evrensel sava\u015fa kar\u015f\u0131 m\u00fccadelesini \u00f6verken, bu sava\u015f\u0131n b\u00f6lge halklar\u0131na ciddi olumsuz yans\u0131malar\u0131 oldu\u011funa dikkat \u00e7ekti.<\/p>\n<p>Japonya ulusalc\u0131 sosyalist organizasyon ba\u015fkan\u0131 Kimura Mitsuhiro Suriye&#8217;nin d\u00fcnya halklar\u0131n\u0131 tehdit eden ter\u00f6re kar\u015f\u0131 ciddi ve etkin bir m\u00fccadele verdi\u011fini ifade ederken, parlamento se\u00e7imlerinin krizden \u00e7\u0131kmakta uygun ve etkin yollardan birini temsil etti\u011fini s\u00f6yledi.<\/p>\n<p>Uluslararas\u0131 Rusya Federasyonu ve Sovyetler Birli\u011fi Mezunlar\u0131 Cemiyetinin ba\u015fkan yard\u0131mc\u0131s\u0131 Yaser Lahham Suriye&#8217;nin ter\u00f6re kar\u015f\u0131 m\u00fccadelesinin t\u00fcm d\u00fcnyay\u0131 \u015fa\u015f\u0131rtt\u0131\u011f\u0131n\u0131 ifade ederken, parlamento se\u00e7imlerinin bir kez daha Suriye&#8217;nin demokrasi yurdu oldu\u011funu g\u00f6sterdi\u011fini belirtti.<\/p>\n","protected":false},"excerpt":{"rendered":"<p>MOSKOVA \u2013 Yalta Uluslararas\u0131 Ekonomi Forumunda bir k\u0131s\u0131m kat\u0131l\u0131mc\u0131lar Suriye&#8217;nin devlet, halk ve ordu olarak uluslar aras\u0131 ter\u00f6r ve evrensel sald\u0131r\u0131ya kar\u015f\u0131 verdi\u011fi m\u00fccadeleyi sayg\u0131yla selamlarken bu m\u00fccadelenin takdire \u015fayan oldu\u011funu belirtti. Kat\u0131l\u0131mc\u0131lar Suriye halk\u0131n\u0131n m\u00fccadelesi ve \u00f6zverisinin maruz kald\u0131\u011f\u0131 sava\u015fta \u015fanl\u0131 bir zafer kazanmas\u0131na yol a\u00e7aca\u011f\u0131n\u0131 ifade etti. K\u0131r\u0131m Cumhurba\u015fkan\u0131 Sergey Aksyonov SANA\u2019n\u0131n Moskova &hellip;<\/p>\n","protected":false},"author":1,"featured_media":69110,"comment_status":"closed","ping_status":"closed","sticky":false,"template":"","format":"standard","meta":{"footnotes":""},"categories":[458,459,17988],"tags":[20527,20531,20529,20532,20528,20530],"class_list":["post-69109","post","type-post","status-publish","format-standard","has-post-thumbnail","","category-dunya1","category-haberler-arap-uluslararasi-politika","category-son-haberler","tag-forum-katilimcilari-suriyenin-mucadelesini-selamladi","tag-japonya-ulusalci-sosyalist-organizasyon-baskani","tag-kirim-cumhurbaskani-sergey-aksyonov","tag-uluslararasi-rusya-federasyonu-ve-sovyetler-birligi-mezunlari","tag-yalta-uluslararasi-ekonomi-forumunda","tag-yunanistan-eski-basbakan-yardimcisi-konstantius-aasikos"],"_links":{"self":[{"href":"https:\/\/archive.sana.sy\/tr\/index.php?rest_route=\/wp\/v2\/posts\/69109","targetHints":{"allow":["GET"]}}],"collection":[{"href":"https:\/\/archive.sana.sy\/tr\/index.php?rest_route=\/wp\/v2\/posts"}],"about":[{"href":"https:\/\/archive.sana.sy\/tr\/index.php?rest_route=\/wp\/v2\/types\/post"}],"author":[{"embeddable":true,"href":"https:\/\/archive.sana.sy\/tr\/index.php?rest_route=\/wp\/v2\/users\/1"}],"replies":[{"embeddable":true,"href":"https:\/\/archive.sana.sy\/tr\/index.php?rest_route=%2Fwp%2Fv2%2Fcomments&post=69109"}],"version-history":[{"count":0,"href":"https:\/\/archive.sana.sy\/tr\/index.php?rest_route=\/wp\/v2\/posts\/69109\/revisions"}],"wp:featuredmedia":[{"embeddable":true,"href":"https:\/\/archive.sana.sy\/tr\/index.php?rest_route=\/wp\/v2\/media\/69110"}],"wp:attachment":[{"href":"https:\/\/archive.sana.sy\/tr\/index.php?rest_route=%2Fwp%2Fv2%2Fmedia&parent=69109"}],"wp:term":[{"taxonomy":"category","embeddable":true,"href":"https:\/\/archive.sana.sy\/tr\/index.php?rest_route=%2Fwp%2Fv2%2Fcategories&post=69109"},{"taxonomy":"post_tag","embeddable":true,"href":"https:\/\/archive.sana.sy\/tr\/index.php?rest_route=%2Fwp%2Fv2%2Ftags&post=69109"}],"curies":[{"name":"wp","href":"https:\/\/api.w.org\/{rel}","templated":true}]}}