{"id":69138,"date":"2016-04-14T22:00:31","date_gmt":"2016-04-14T19:00:31","guid":{"rendered":"http:\/\/www.sana.sy\/tr\/?p=69138"},"modified":"2016-04-15T15:07:59","modified_gmt":"2016-04-15T12:07:59","slug":"turkiye-sinirindan-150-teroristin-gectigi-gozlendi","status":"publish","type":"post","link":"https:\/\/archive.sana.sy\/tr\/?p=69138","title":{"rendered":"T\u00fcrkiye S\u0131n\u0131r\u0131ndan 150 Ter\u00f6ristin Ge\u00e7ti\u011fi G\u00f6zlendi"},"content":{"rendered":"<p>LAZK\u0130YE \u2013 Lazkiye k\u0131rsal\u0131 Hmeymim Hava \u00dcss\u00fcnde Rus Denetleme ve Koordinasyon Merkezi T\u00fcrkiye s\u0131n\u0131rlar\u0131ndan gelen ter\u00f6ristlerin Lazkiye k\u0131rsal\u0131n\u0131n kuzeydo\u011fusuna s\u0131zmaya devam ettiklerini belirtti.<\/p>\n<p>Merkez bu ak\u015fam yay\u0131nlad\u0131\u011f\u0131 ve Rusya Savunma Bakanl\u0131\u011f\u0131n\u0131n resmi web sitesinde yay\u0131nlad\u0131\u011f\u0131 b\u00fcltende; T\u00fcrkiye s\u0131n\u0131rlar\u0131ndan gelen ve Lazkiye k\u0131rsal\u0131n\u0131n kuzeydo\u011fusuna giren 150 ter\u00f6ristin g\u00f6zlendi\u011fini a\u00e7\u0131klad\u0131.<\/p>\n<p>Lazkiye k\u0131rsal\u0131nda T\u00fcrkiye&#8217;de Erdo\u011fan ve rejiminin yan\u0131 s\u0131ra daha ba\u015fka taraflarca desteklenen ve geneli Kaide \u00d6rg\u00fct\u00fcn\u00fcn Suriye kolu Nusra Cephesine tabi olan \u00e7okuluslu ve kiral\u0131k ter\u00f6r \u00e7eteleri Suriye ve halk\u0131na kar\u015f\u0131 ter\u00f6r sald\u0131r\u0131lar\u0131nda bulunuyor.<\/p>\n<p>R.H.<\/p>\n","protected":false},"excerpt":{"rendered":"<p>LAZK\u0130YE \u2013 Lazkiye k\u0131rsal\u0131 Hmeymim Hava \u00dcss\u00fcnde Rus Denetleme ve Koordinasyon Merkezi T\u00fcrkiye s\u0131n\u0131rlar\u0131ndan gelen ter\u00f6ristlerin Lazkiye k\u0131rsal\u0131n\u0131n kuzeydo\u011fusuna s\u0131zmaya devam ettiklerini belirtti. Merkez bu ak\u015fam yay\u0131nlad\u0131\u011f\u0131 ve Rusya Savunma Bakanl\u0131\u011f\u0131n\u0131n resmi web sitesinde yay\u0131nlad\u0131\u011f\u0131 b\u00fcltende; T\u00fcrkiye s\u0131n\u0131rlar\u0131ndan gelen ve Lazkiye k\u0131rsal\u0131n\u0131n kuzeydo\u011fusuna giren 150 ter\u00f6ristin g\u00f6zlendi\u011fini a\u00e7\u0131klad\u0131. Lazkiye k\u0131rsal\u0131nda T\u00fcrkiye&#8217;de Erdo\u011fan ve rejiminin yan\u0131 &hellip;<\/p>\n","protected":false},"author":1,"featured_media":69139,"comment_status":"closed","ping_status":"closed","sticky":false,"template":"","format":"standard","meta":{"footnotes":""},"categories":[17988],"tags":[20538],"class_list":["post-69138","post","type-post","status-publish","format-standard","has-post-thumbnail","","category-son-haberler","tag-turkiye-sinirindan-150-teroristin-gectigi-gozlendi"],"_links":{"self":[{"href":"https:\/\/archive.sana.sy\/tr\/index.php?rest_route=\/wp\/v2\/posts\/69138","targetHints":{"allow":["GET"]}}],"collection":[{"href":"https:\/\/archive.sana.sy\/tr\/index.php?rest_route=\/wp\/v2\/posts"}],"about":[{"href":"https:\/\/archive.sana.sy\/tr\/index.php?rest_route=\/wp\/v2\/types\/post"}],"author":[{"embeddable":true,"href":"https:\/\/archive.sana.sy\/tr\/index.php?rest_route=\/wp\/v2\/users\/1"}],"replies":[{"embeddable":true,"href":"https:\/\/archive.sana.sy\/tr\/index.php?rest_route=%2Fwp%2Fv2%2Fcomments&post=69138"}],"version-history":[{"count":0,"href":"https:\/\/archive.sana.sy\/tr\/index.php?rest_route=\/wp\/v2\/posts\/69138\/revisions"}],"wp:featuredmedia":[{"embeddable":true,"href":"https:\/\/archive.sana.sy\/tr\/index.php?rest_route=\/wp\/v2\/media\/69139"}],"wp:attachment":[{"href":"https:\/\/archive.sana.sy\/tr\/index.php?rest_route=%2Fwp%2Fv2%2Fmedia&parent=69138"}],"wp:term":[{"taxonomy":"category","embeddable":true,"href":"https:\/\/archive.sana.sy\/tr\/index.php?rest_route=%2Fwp%2Fv2%2Fcategories&post=69138"},{"taxonomy":"post_tag","embeddable":true,"href":"https:\/\/archive.sana.sy\/tr\/index.php?rest_route=%2Fwp%2Fv2%2Ftags&post=69138"}],"curies":[{"name":"wp","href":"https:\/\/api.w.org\/{rel}","templated":true}]}}